{"id":709,"date":"2019-04-25T18:14:53","date_gmt":"2019-04-25T18:14:53","guid":{"rendered":"https:\/\/fmuniversidad.com\/web\/?p=709"},"modified":"2019-04-25T18:16:17","modified_gmt":"2019-04-25T18:16:17","slug":"la-concejala-cora-sobre-el-proyecto-de-cupo-laboral-trava-trans","status":"publish","type":"post","link":"https:\/\/fmuniversidad.com\/web\/la-concejala-cora-sobre-el-proyecto-de-cupo-laboral-trava-trans\/","title":{"rendered":"La concejala Cora sobre el proyecto de cupo laboral trava-trans"},"content":{"rendered":"<p>El equipo de <strong>Otro d\u00eda en la tierra<\/strong> se comunic\u00f3 con la concejala <strong>Stefan\u00eda Cora<\/strong>. En ella se refirieron al episodio de Elisa Carri\u00f3 en C\u00f3rdoba, pero se detuvieron sobre la la sesi\u00f3n de ayer en la que se debati\u00f3 sobre el cupo trava-trans.<\/p>\n<p>En primera instancia llama la atenci\u00f3n la ausencia de muchos de los representantes legislativos de nuestra ciudad, por lo que Cora habla al respecto y explica sobre el sistema de faltas prevista que se tiene en el \u00e1rea.<\/p>\n<p>La discusi\u00f3n sobre este proyecto lleva ya 6 encuentros, pero solo en 1 de ellos han tenido qu\u00f3rum.<\/p>\n<p>Escuch\u00e1 la entrevista y conoc\u00e9 sobre lo que\u00a0que estipula el proyecto de\u00a0la Comisi\u00f3n de Equidad de G\u00e9nero e Igualdad de Oportunidades.<\/p>\n<p>&nbsp;<\/p>\n<p><iframe loading=\"lazy\" src=\"http:\/\/kiwi6.com\/tracks\/widget\/z7vqb650y9\" width=\"100%\" height=\"96\" frameborder=\"no\" scrolling=\"no\"><\/iframe><\/p>\n","protected":false},"excerpt":{"rendered":"<div class=\"mh-excerpt\"><p>El equipo de Otro d\u00eda en la tierra se comunic\u00f3 con la concejala Stefan\u00eda Cora. En ella se refirieron al episodio de Elisa Carri\u00f3 en <a class=\"mh-excerpt-more\" href=\"https:\/\/fmuniversidad.com\/web\/la-concejala-cora-sobre-el-proyecto-de-cupo-laboral-trava-trans\/\" title=\"La concejala Cora sobre el proyecto de cupo laboral trava-trans\">[&#8230;]<\/a><\/p>\n<\/div>","protected":false},"author":3,"featured_media":711,"comment_status":"closed","ping_status":"open","sticky":false,"template":"","format":"standard","meta":{"footnotes":""},"categories":[4],"tags":[],"_links":{"self":[{"href":"https:\/\/fmuniversidad.com\/web\/wp-json\/wp\/v2\/posts\/709"}],"collection":[{"href":"https:\/\/fmuniversidad.com\/web\/wp-json\/wp\/v2\/posts"}],"about":[{"href":"https:\/\/fmuniversidad.com\/web\/wp-json\/wp\/v2\/types\/post"}],"author":[{"embeddable":true,"href":"https:\/\/fmuniversidad.com\/web\/wp-json\/wp\/v2\/users\/3"}],"replies":[{"embeddable":true,"href":"https:\/\/fmuniversidad.com\/web\/wp-json\/wp\/v2\/comments?post=709"}],"version-history":[{"count":1,"href":"https:\/\/fmuniversidad.com\/web\/wp-json\/wp\/v2\/posts\/709\/revisions"}],"predecessor-version":[{"id":710,"href":"https:\/\/fmuniversidad.com\/web\/wp-json\/wp\/v2\/posts\/709\/revisions\/710"}],"wp:featuredmedia":[{"embeddable":true,"href":"https:\/\/fmuniversidad.com\/web\/wp-json\/wp\/v2\/media\/711"}],"wp:attachment":[{"href":"https:\/\/fmuniversidad.com\/web\/wp-json\/wp\/v2\/media?parent=709"}],"wp:term":[{"taxonomy":"category","embeddable":true,"href":"https:\/\/fmuniversidad.com\/web\/wp-json\/wp\/v2\/categories?post=709"},{"taxonomy":"post_tag","embeddable":true,"href":"https:\/\/fmuniversidad.com\/web\/wp-json\/wp\/v2\/tags?post=709"}],"curies":[{"name":"wp","href":"https:\/\/api.w.org\/{rel}","templated":true}]}}