{"id":704,"date":"2019-04-25T17:44:04","date_gmt":"2019-04-25T17:44:04","guid":{"rendered":"https:\/\/fmuniversidad.com\/web\/?p=704"},"modified":"2019-04-25T17:44:04","modified_gmt":"2019-04-25T17:44:04","slug":"conociendo-a-la-biblioteca-armando-ottalagano","status":"publish","type":"post","link":"https:\/\/fmuniversidad.com\/web\/conociendo-a-la-biblioteca-armando-ottalagano\/","title":{"rendered":"Conociendo a la Biblioteca Armando Ottalagano"},"content":{"rendered":"<p><strong>La hora tecnol\u00f3gica<\/strong> visit\u00f3 a la<strong> Biblioteca Armando Ottalagano<\/strong> de la <strong>UTN Paran\u00e1<\/strong> para conocer sobre el funcionamiento y novedades de la misma.<\/p>\n<p><strong>Maricel Sattler<\/strong> entrevist\u00f3 a la Jefa del departamento biblioteca,\u00a0<strong>Liliana Sentella,\u00a0<\/strong>quien detall\u00f3 sobre los elementos con los que cuentan adem\u00e1s de los libros, como son los soportes electr\u00f3nicos, trabajos de tesis y res\u00famenes.<\/p>\n<p>La biblioteca cuenta con dos salas de lecturas: parlante y silenciosa, las cuales est\u00e1n abierta durante toda la jornada, desde las 8 hasta las 21.<\/p>\n<p>Pueden acceder a los materiales y a las salas de lecturas cualquier persona, ya que es una biblioteca publica. Mientras que para hacer uso de los recursos de forma domiciliaria es necesario hacerse socio.<\/p>\n<p>Escuch\u00e1 la entrevista completa para conocer m\u00e1s sobre la biblioteca\u00a0Armando Ottalagano.<\/p>\n<p>&nbsp;<\/p>\n<p>&nbsp;<\/p>\n<p><iframe loading=\"lazy\" src=\"http:\/\/kiwi6.com\/tracks\/widget\/z56wjzen7t\" width=\"100%\" height=\"96\" frameborder=\"no\" scrolling=\"no\"><\/iframe><\/p>\n<p>&nbsp;<\/p>\n<p>&nbsp;<\/p>\n<p>&nbsp;<\/p>\n","protected":false},"excerpt":{"rendered":"<div class=\"mh-excerpt\"><p>La hora tecnol\u00f3gica visit\u00f3 a la Biblioteca Armando Ottalagano de la UTN Paran\u00e1 para conocer sobre el funcionamiento y novedades de la misma. Maricel Sattler <a class=\"mh-excerpt-more\" href=\"https:\/\/fmuniversidad.com\/web\/conociendo-a-la-biblioteca-armando-ottalagano\/\" title=\"Conociendo a la Biblioteca Armando Ottalagano\">[&#8230;]<\/a><\/p>\n<\/div>","protected":false},"author":3,"featured_media":705,"comment_status":"closed","ping_status":"open","sticky":false,"template":"","format":"standard","meta":{"footnotes":""},"categories":[3,4],"tags":[],"_links":{"self":[{"href":"https:\/\/fmuniversidad.com\/web\/wp-json\/wp\/v2\/posts\/704"}],"collection":[{"href":"https:\/\/fmuniversidad.com\/web\/wp-json\/wp\/v2\/posts"}],"about":[{"href":"https:\/\/fmuniversidad.com\/web\/wp-json\/wp\/v2\/types\/post"}],"author":[{"embeddable":true,"href":"https:\/\/fmuniversidad.com\/web\/wp-json\/wp\/v2\/users\/3"}],"replies":[{"embeddable":true,"href":"https:\/\/fmuniversidad.com\/web\/wp-json\/wp\/v2\/comments?post=704"}],"version-history":[{"count":1,"href":"https:\/\/fmuniversidad.com\/web\/wp-json\/wp\/v2\/posts\/704\/revisions"}],"predecessor-version":[{"id":706,"href":"https:\/\/fmuniversidad.com\/web\/wp-json\/wp\/v2\/posts\/704\/revisions\/706"}],"wp:featuredmedia":[{"embeddable":true,"href":"https:\/\/fmuniversidad.com\/web\/wp-json\/wp\/v2\/media\/705"}],"wp:attachment":[{"href":"https:\/\/fmuniversidad.com\/web\/wp-json\/wp\/v2\/media?parent=704"}],"wp:term":[{"taxonomy":"category","embeddable":true,"href":"https:\/\/fmuniversidad.com\/web\/wp-json\/wp\/v2\/categories?post=704"},{"taxonomy":"post_tag","embeddable":true,"href":"https:\/\/fmuniversidad.com\/web\/wp-json\/wp\/v2\/tags?post=704"}],"curies":[{"name":"wp","href":"https:\/\/api.w.org\/{rel}","templated":true}]}}