{"id":697,"date":"2019-04-23T21:05:23","date_gmt":"2019-04-23T21:05:23","guid":{"rendered":"https:\/\/fmuniversidad.com\/web\/?p=697"},"modified":"2019-04-23T21:08:20","modified_gmt":"2019-04-23T21:08:20","slug":"stratta-se-comunico-con-fm-universidad","status":"publish","type":"post","link":"https:\/\/fmuniversidad.com\/web\/stratta-se-comunico-con-fm-universidad\/","title":{"rendered":"Stratta se comunic\u00f3 con FM Universidad"},"content":{"rendered":"<p><strong>Laura Stratta<\/strong> candidata a vicegobernadora habl\u00f3 con<strong> Mar\u00eda Waigandt<\/strong> y <strong>Luciano Mete<\/strong>, para comentar sobre sus sensaci\u00f3n luego de las PASO, que los dej\u00f3 como primera fuerza.<\/p>\n<p>Est\u00e1 sorprendida por los n\u00fameros de las elecciones ya que las encuestas no lo preve\u00edan, no obstante sent\u00eda una energ\u00eda muy positiva.<\/p>\n<p>Stratta forma parte del partido Creer junto al actual gobernador de nuestra provincia.<\/p>\n<p>Escuch\u00e1 la entrevista completa:<\/p>\n<p>&nbsp;<\/p>\n<p><iframe loading=\"lazy\" src=\"http:\/\/kiwi6.com\/tracks\/widget\/1n0opci2ph\" width=\"100%\" height=\"96\" frameborder=\"no\" scrolling=\"no\"><\/iframe><\/p>\n","protected":false},"excerpt":{"rendered":"<div class=\"mh-excerpt\"><p>Laura Stratta candidata a vicegobernadora habl\u00f3 con Mar\u00eda Waigandt y Luciano Mete, para comentar sobre sus sensaci\u00f3n luego de las PASO, que los dej\u00f3 como <a class=\"mh-excerpt-more\" href=\"https:\/\/fmuniversidad.com\/web\/stratta-se-comunico-con-fm-universidad\/\" title=\"Stratta se comunic\u00f3 con FM Universidad\">[&#8230;]<\/a><\/p>\n<\/div>","protected":false},"author":3,"featured_media":698,"comment_status":"closed","ping_status":"open","sticky":false,"template":"","format":"standard","meta":{"footnotes":""},"categories":[4],"tags":[],"_links":{"self":[{"href":"https:\/\/fmuniversidad.com\/web\/wp-json\/wp\/v2\/posts\/697"}],"collection":[{"href":"https:\/\/fmuniversidad.com\/web\/wp-json\/wp\/v2\/posts"}],"about":[{"href":"https:\/\/fmuniversidad.com\/web\/wp-json\/wp\/v2\/types\/post"}],"author":[{"embeddable":true,"href":"https:\/\/fmuniversidad.com\/web\/wp-json\/wp\/v2\/users\/3"}],"replies":[{"embeddable":true,"href":"https:\/\/fmuniversidad.com\/web\/wp-json\/wp\/v2\/comments?post=697"}],"version-history":[{"count":4,"href":"https:\/\/fmuniversidad.com\/web\/wp-json\/wp\/v2\/posts\/697\/revisions"}],"predecessor-version":[{"id":702,"href":"https:\/\/fmuniversidad.com\/web\/wp-json\/wp\/v2\/posts\/697\/revisions\/702"}],"wp:featuredmedia":[{"embeddable":true,"href":"https:\/\/fmuniversidad.com\/web\/wp-json\/wp\/v2\/media\/698"}],"wp:attachment":[{"href":"https:\/\/fmuniversidad.com\/web\/wp-json\/wp\/v2\/media?parent=697"}],"wp:term":[{"taxonomy":"category","embeddable":true,"href":"https:\/\/fmuniversidad.com\/web\/wp-json\/wp\/v2\/categories?post=697"},{"taxonomy":"post_tag","embeddable":true,"href":"https:\/\/fmuniversidad.com\/web\/wp-json\/wp\/v2\/tags?post=697"}],"curies":[{"name":"wp","href":"https:\/\/api.w.org\/{rel}","templated":true}]}}