{"id":693,"date":"2019-04-23T21:02:32","date_gmt":"2019-04-23T21:02:32","guid":{"rendered":"https:\/\/fmuniversidad.com\/web\/?p=693"},"modified":"2019-04-23T21:02:32","modified_gmt":"2019-04-23T21:02:32","slug":"veronesi-hay-que-gritar-fuerte-para-levantarse-de-la-siesta","status":"publish","type":"post","link":"https:\/\/fmuniversidad.com\/web\/veronesi-hay-que-gritar-fuerte-para-levantarse-de-la-siesta\/","title":{"rendered":"Veronesi: \u201cHay que gritar fuerte para levantarse de la siesta\u201d"},"content":{"rendered":"<p>El equipo de <strong>Otro d\u00eda en la tierra<\/strong> se comunic\u00f3 con <strong>Juan Veronesi<\/strong>, asamble\u00edsta de Gualeguach\u00fa, que nos invita a la manifestaci\u00f3n que se realizar\u00e1 el domingo 28 de abril a las 15h en el puente que une la provincia de Entre R\u00edos con el pa\u00eds uruguayo. Este a\u00f1o los vecinos de Uruguay se unen a la lucha que viene sosteniendo Gualeguaych\u00fa a lo largo de los a\u00f1os.<\/p>\n<p>La manifestaci\u00f3n se realiza por varios motivos que enumera Veronesi en la entrevista. Entre ellos la falta de ejecuci\u00f3n del dictamen del Tribunal Internacional de La Haya, por el aumento del c\u00e1ncer y de enfermedades que son consecuencia de la contaminaci\u00f3n, por la falta de preocupaci\u00f3n del gobierno provincial y nacional, entre otros.<\/p>\n<p>El asambleista pide que se levanten de la siesta y griten, que los j\u00f3venes son quienes deben seguir luchando por los sistemas de producci\u00f3n que contaminan nuestro medio ambiente.<\/p>\n<p>Actualmente se est\u00e1 por instalar otra pastera que desechar\u00e1 sus residuos al r\u00edo Uruguay.<\/p>\n<p>Escuch\u00e1 la entrevista completa:<\/p>\n<p>&nbsp;<\/p>\n<p><iframe loading=\"lazy\" src=\"http:\/\/kiwi6.com\/tracks\/widget\/owfgafq5t9\" width=\"100%\" height=\"96\" frameborder=\"no\" scrolling=\"no\"><\/iframe><\/p>\n","protected":false},"excerpt":{"rendered":"<div class=\"mh-excerpt\"><p>El equipo de Otro d\u00eda en la tierra se comunic\u00f3 con Juan Veronesi, asamble\u00edsta de Gualeguach\u00fa, que nos invita a la manifestaci\u00f3n que se realizar\u00e1 <a class=\"mh-excerpt-more\" href=\"https:\/\/fmuniversidad.com\/web\/veronesi-hay-que-gritar-fuerte-para-levantarse-de-la-siesta\/\" title=\"Veronesi: \u201cHay que gritar fuerte para levantarse de la siesta\u201d\">[&#8230;]<\/a><\/p>\n<\/div>","protected":false},"author":3,"featured_media":695,"comment_status":"closed","ping_status":"open","sticky":false,"template":"","format":"standard","meta":{"footnotes":""},"categories":[4],"tags":[],"_links":{"self":[{"href":"https:\/\/fmuniversidad.com\/web\/wp-json\/wp\/v2\/posts\/693"}],"collection":[{"href":"https:\/\/fmuniversidad.com\/web\/wp-json\/wp\/v2\/posts"}],"about":[{"href":"https:\/\/fmuniversidad.com\/web\/wp-json\/wp\/v2\/types\/post"}],"author":[{"embeddable":true,"href":"https:\/\/fmuniversidad.com\/web\/wp-json\/wp\/v2\/users\/3"}],"replies":[{"embeddable":true,"href":"https:\/\/fmuniversidad.com\/web\/wp-json\/wp\/v2\/comments?post=693"}],"version-history":[{"count":1,"href":"https:\/\/fmuniversidad.com\/web\/wp-json\/wp\/v2\/posts\/693\/revisions"}],"predecessor-version":[{"id":696,"href":"https:\/\/fmuniversidad.com\/web\/wp-json\/wp\/v2\/posts\/693\/revisions\/696"}],"wp:featuredmedia":[{"embeddable":true,"href":"https:\/\/fmuniversidad.com\/web\/wp-json\/wp\/v2\/media\/695"}],"wp:attachment":[{"href":"https:\/\/fmuniversidad.com\/web\/wp-json\/wp\/v2\/media?parent=693"}],"wp:term":[{"taxonomy":"category","embeddable":true,"href":"https:\/\/fmuniversidad.com\/web\/wp-json\/wp\/v2\/categories?post=693"},{"taxonomy":"post_tag","embeddable":true,"href":"https:\/\/fmuniversidad.com\/web\/wp-json\/wp\/v2\/tags?post=693"}],"curies":[{"name":"wp","href":"https:\/\/api.w.org\/{rel}","templated":true}]}}