{"id":679,"date":"2019-04-16T18:56:31","date_gmt":"2019-04-16T18:56:31","guid":{"rendered":"https:\/\/fmuniversidad.com\/web\/?p=679"},"modified":"2019-04-16T18:56:31","modified_gmt":"2019-04-16T18:56:31","slug":"musica-para-volar-se-presentara-en-el-teatro","status":"publish","type":"post","link":"https:\/\/fmuniversidad.com\/web\/musica-para-volar-se-presentara-en-el-teatro\/","title":{"rendered":"M\u00fasica para volar se presentar\u00e1 en el Teatro"},"content":{"rendered":"<p>Llega por primera vez a nuestra ciudad la edici\u00f3n de Charly Unplugged por M\u00fasica para volar.<\/p>\n<p>Nos comunicamos con el baterista y cantante de M\u00fasica para volar, Jos\u00e9 Matteucci. En esta ocasi\u00f3n\u00a0 es para una invitaci\u00f3n el s\u00e1bado pr\u00f3ximo a las <a href=\"https:\/\/www.facebook.com\/events\/569500656889770\/\">\u00a021 horas en el Teatro 3 de febrero.<\/a><\/p>\n<p>M\u00fasica para volar es un grupo de m\u00fasicos del sur de Santa fe que ofrece distintos espect\u00e1culos tributos a lo largo y ancho del pa\u00eds.<\/p>\n<p>Escuch\u00e1 la entrevista completa para conocer m\u00e1s sobre el grupo y el evento.<\/p>\n<p><iframe loading=\"lazy\" src=\"http:\/\/kiwi6.com\/tracks\/widget\/8wgskklf61\" width=\"100%\" height=\"96\" frameborder=\"no\" scrolling=\"no\"><\/iframe><\/p>\n<h1 id=\"seo_h1_tag\" class=\"_5gmx\" data-testid=\"event-permalink-event-name\"><\/h1>\n<p>&nbsp;<\/p>\n<p>&nbsp;<\/p>\n<p>&nbsp;<\/p>\n<p>&nbsp;<\/p>\n<p>&nbsp;<\/p>\n","protected":false},"excerpt":{"rendered":"<div class=\"mh-excerpt\"><p>Llega por primera vez a nuestra ciudad la edici\u00f3n de Charly Unplugged por M\u00fasica para volar. Nos comunicamos con el baterista y cantante de M\u00fasica <a class=\"mh-excerpt-more\" href=\"https:\/\/fmuniversidad.com\/web\/musica-para-volar-se-presentara-en-el-teatro\/\" title=\"M\u00fasica para volar se presentar\u00e1 en el Teatro\">[&#8230;]<\/a><\/p>\n<\/div>","protected":false},"author":3,"featured_media":681,"comment_status":"closed","ping_status":"open","sticky":false,"template":"","format":"standard","meta":{"footnotes":""},"categories":[4],"tags":[],"_links":{"self":[{"href":"https:\/\/fmuniversidad.com\/web\/wp-json\/wp\/v2\/posts\/679"}],"collection":[{"href":"https:\/\/fmuniversidad.com\/web\/wp-json\/wp\/v2\/posts"}],"about":[{"href":"https:\/\/fmuniversidad.com\/web\/wp-json\/wp\/v2\/types\/post"}],"author":[{"embeddable":true,"href":"https:\/\/fmuniversidad.com\/web\/wp-json\/wp\/v2\/users\/3"}],"replies":[{"embeddable":true,"href":"https:\/\/fmuniversidad.com\/web\/wp-json\/wp\/v2\/comments?post=679"}],"version-history":[{"count":1,"href":"https:\/\/fmuniversidad.com\/web\/wp-json\/wp\/v2\/posts\/679\/revisions"}],"predecessor-version":[{"id":682,"href":"https:\/\/fmuniversidad.com\/web\/wp-json\/wp\/v2\/posts\/679\/revisions\/682"}],"wp:featuredmedia":[{"embeddable":true,"href":"https:\/\/fmuniversidad.com\/web\/wp-json\/wp\/v2\/media\/681"}],"wp:attachment":[{"href":"https:\/\/fmuniversidad.com\/web\/wp-json\/wp\/v2\/media?parent=679"}],"wp:term":[{"taxonomy":"category","embeddable":true,"href":"https:\/\/fmuniversidad.com\/web\/wp-json\/wp\/v2\/categories?post=679"},{"taxonomy":"post_tag","embeddable":true,"href":"https:\/\/fmuniversidad.com\/web\/wp-json\/wp\/v2\/tags?post=679"}],"curies":[{"name":"wp","href":"https:\/\/api.w.org\/{rel}","templated":true}]}}