{"id":675,"date":"2019-04-16T18:21:01","date_gmt":"2019-04-16T18:21:01","guid":{"rendered":"https:\/\/fmuniversidad.com\/web\/?p=675"},"modified":"2019-04-16T18:21:01","modified_gmt":"2019-04-16T18:21:01","slug":"parana-se-prepara-para-semana-santa","status":"publish","type":"post","link":"https:\/\/fmuniversidad.com\/web\/parana-se-prepara-para-semana-santa\/","title":{"rendered":"Paran\u00e1 se prepara para Semana Santa"},"content":{"rendered":"<p>El equipo de <strong>El coraz\u00f3n de la ma\u00f1ana<\/strong> se comunic\u00f3 con el secretario de Turismo de Paran\u00e1, Marcelo Quiroga, en v\u00edsperas a Semana Santa y las actividades tur\u00edsticas que prev\u00e9 la ciudad.<\/p>\n<p>En primer lugar se destaca la <strong>Feria de Emprendedores<\/strong> que se viene realizando a\u00f1o tras a\u00f1o en la zona del Puerto Nuevo y en la Sala de Mayo,\u00a0a partir de las 9 h hasta las 22 h.<\/p>\n<p>Como complemento a esta actividad se sumar\u00e1, durante el jueves y el s\u00e1bado a partir de las 19 h, m\u00fasica en vivo con artistas locales, cocina y cervezar\u00eda artesanal.<\/p>\n<p>Por su parte el viernes santo est\u00e1 previsto el tradicional <strong>7 pueblos y 7 iglesia<\/strong>, a partir de las 7 h, recorriendo localidades vecinas, regresando a las 19 h, al mismo lugar de entuentro: la Catedral de Paran\u00e1.<\/p>\n<p>Adem\u00e1s, el s\u00e1bado La Gran Paella Paran\u00e1, a partir de las 10 h detr\u00e1s de Sala Mayo.<\/p>\n<p>Escuch\u00e1 todos los detalles en la entrevista:<\/p>\n<p>&nbsp;<\/p>\n<p><iframe loading=\"lazy\" src=\"http:\/\/kiwi6.com\/tracks\/widget\/fp7acazwmw\" width=\"100%\" height=\"96\" frameborder=\"no\" scrolling=\"no\"><\/iframe><\/p>\n<aside id=\"sidebar-right\" class=\"sidebar colum\">\n<div id=\"likebox\" class=\"sideblock\">\n<div class=\"fb-like-box fb_iframe_widget\" data-href=\"https:\/\/www.facebook.com\/turismoEntreRios\" data-width=\"290\" data-height=\"330\" data-colorscheme=\"light\" data-show-faces=\"true\" data-header=\"false\" data-stream=\"false\" data-show-border=\"false\"><\/div>\n<\/div>\n<div id=\"fb-root\" class=\" fb_reset\">\n<div><\/div>\n<div><\/div>\n<\/div>\n<div class=\"mas-alojamientos list-destinos\">\n<div class=\"ver\"><\/div>\n<\/div>\n<div class=\"publicidad\"><\/div>\n<\/aside>\n","protected":false},"excerpt":{"rendered":"<div class=\"mh-excerpt\"><p>El equipo de El coraz\u00f3n de la ma\u00f1ana se comunic\u00f3 con el secretario de Turismo de Paran\u00e1, Marcelo Quiroga, en v\u00edsperas a Semana Santa y <a class=\"mh-excerpt-more\" href=\"https:\/\/fmuniversidad.com\/web\/parana-se-prepara-para-semana-santa\/\" title=\"Paran\u00e1 se prepara para Semana Santa\">[&#8230;]<\/a><\/p>\n<\/div>","protected":false},"author":3,"featured_media":677,"comment_status":"closed","ping_status":"open","sticky":false,"template":"","format":"standard","meta":{"footnotes":""},"categories":[4],"tags":[],"_links":{"self":[{"href":"https:\/\/fmuniversidad.com\/web\/wp-json\/wp\/v2\/posts\/675"}],"collection":[{"href":"https:\/\/fmuniversidad.com\/web\/wp-json\/wp\/v2\/posts"}],"about":[{"href":"https:\/\/fmuniversidad.com\/web\/wp-json\/wp\/v2\/types\/post"}],"author":[{"embeddable":true,"href":"https:\/\/fmuniversidad.com\/web\/wp-json\/wp\/v2\/users\/3"}],"replies":[{"embeddable":true,"href":"https:\/\/fmuniversidad.com\/web\/wp-json\/wp\/v2\/comments?post=675"}],"version-history":[{"count":1,"href":"https:\/\/fmuniversidad.com\/web\/wp-json\/wp\/v2\/posts\/675\/revisions"}],"predecessor-version":[{"id":678,"href":"https:\/\/fmuniversidad.com\/web\/wp-json\/wp\/v2\/posts\/675\/revisions\/678"}],"wp:featuredmedia":[{"embeddable":true,"href":"https:\/\/fmuniversidad.com\/web\/wp-json\/wp\/v2\/media\/677"}],"wp:attachment":[{"href":"https:\/\/fmuniversidad.com\/web\/wp-json\/wp\/v2\/media?parent=675"}],"wp:term":[{"taxonomy":"category","embeddable":true,"href":"https:\/\/fmuniversidad.com\/web\/wp-json\/wp\/v2\/categories?post=675"},{"taxonomy":"post_tag","embeddable":true,"href":"https:\/\/fmuniversidad.com\/web\/wp-json\/wp\/v2\/tags?post=675"}],"curies":[{"name":"wp","href":"https:\/\/api.w.org\/{rel}","templated":true}]}}