{"id":611,"date":"2019-03-28T20:22:22","date_gmt":"2019-03-28T20:22:22","guid":{"rendered":"https:\/\/fmuniversidad.com\/web\/?p=611"},"modified":"2019-03-28T20:22:22","modified_gmt":"2019-03-28T20:22:22","slug":"analisis-del-panorama-politico","status":"publish","type":"post","link":"https:\/\/fmuniversidad.com\/web\/analisis-del-panorama-politico\/","title":{"rendered":"An\u00e1lisis del panorama pol\u00edtico"},"content":{"rendered":"<p>\u00c9ramos pocos invit\u00f3 al piso a Ramiro Pereyra para hacer un An\u00e1lisis del panorama pol\u00edtico en v\u00edsperas a las elecciones.<\/p>\n<p>En primer lugar habla en torno a las elecciones provinciales y luego sobre distintos aspectos del \u00e1mbito nacional.<\/p>\n<p>Califica a las elecciones como competitivas ya que no se encuentra una propuesta con un apoyo diferenciado. Es decir que el ganador obtiene un peque\u00f1o porcentaje de diferencia con respecto al segundo.<\/p>\n<p>En la segunda parte, Pereyra, comienza a debatir sobre los resultados de las encuestas, que anticipan posibles ganadores, pero que adem\u00e1s ocultan otros datos que son importantes.<\/p>\n<p>Para cerrar hace un an\u00e1lisis sobre las diferencias de dirigir y gestionar un provincia con respecto a un pa\u00eds.<\/p>\n<p>Escuch\u00e1 la entrevista completa:<\/p>\n<p><iframe loading=\"lazy\" src=\"http:\/\/kiwi6.com\/tracks\/widget\/jkvc36bjes\" width=\"100%\" height=\"96\" frameborder=\"no\" scrolling=\"no\"><\/iframe><\/p>\n<p>&nbsp;<\/p>\n<p><iframe loading=\"lazy\" src=\"http:\/\/kiwi6.com\/tracks\/widget\/ifn1sknc7c\" width=\"100%\" height=\"96\" frameborder=\"no\" scrolling=\"no\"><\/iframe><\/p>\n<p>&nbsp;<\/p>\n","protected":false},"excerpt":{"rendered":"<div class=\"mh-excerpt\"><p>\u00c9ramos pocos invit\u00f3 al piso a Ramiro Pereyra para hacer un An\u00e1lisis del panorama pol\u00edtico en v\u00edsperas a las elecciones. En primer lugar habla en <a class=\"mh-excerpt-more\" href=\"https:\/\/fmuniversidad.com\/web\/analisis-del-panorama-politico\/\" title=\"An\u00e1lisis del panorama pol\u00edtico\">[&#8230;]<\/a><\/p>\n<\/div>","protected":false},"author":3,"featured_media":612,"comment_status":"closed","ping_status":"open","sticky":false,"template":"","format":"standard","meta":{"footnotes":""},"categories":[4],"tags":[],"_links":{"self":[{"href":"https:\/\/fmuniversidad.com\/web\/wp-json\/wp\/v2\/posts\/611"}],"collection":[{"href":"https:\/\/fmuniversidad.com\/web\/wp-json\/wp\/v2\/posts"}],"about":[{"href":"https:\/\/fmuniversidad.com\/web\/wp-json\/wp\/v2\/types\/post"}],"author":[{"embeddable":true,"href":"https:\/\/fmuniversidad.com\/web\/wp-json\/wp\/v2\/users\/3"}],"replies":[{"embeddable":true,"href":"https:\/\/fmuniversidad.com\/web\/wp-json\/wp\/v2\/comments?post=611"}],"version-history":[{"count":1,"href":"https:\/\/fmuniversidad.com\/web\/wp-json\/wp\/v2\/posts\/611\/revisions"}],"predecessor-version":[{"id":613,"href":"https:\/\/fmuniversidad.com\/web\/wp-json\/wp\/v2\/posts\/611\/revisions\/613"}],"wp:featuredmedia":[{"embeddable":true,"href":"https:\/\/fmuniversidad.com\/web\/wp-json\/wp\/v2\/media\/612"}],"wp:attachment":[{"href":"https:\/\/fmuniversidad.com\/web\/wp-json\/wp\/v2\/media?parent=611"}],"wp:term":[{"taxonomy":"category","embeddable":true,"href":"https:\/\/fmuniversidad.com\/web\/wp-json\/wp\/v2\/categories?post=611"},{"taxonomy":"post_tag","embeddable":true,"href":"https:\/\/fmuniversidad.com\/web\/wp-json\/wp\/v2\/tags?post=611"}],"curies":[{"name":"wp","href":"https:\/\/api.w.org\/{rel}","templated":true}]}}