{"id":587,"date":"2019-03-21T18:01:27","date_gmt":"2019-03-21T18:01:27","guid":{"rendered":"https:\/\/fmuniversidad.com\/web\/?p=587"},"modified":"2019-03-21T21:35:27","modified_gmt":"2019-03-21T21:35:27","slug":"se-presentara-un-nuevo-proyecto-de-ley-por-el-aborto-legal","status":"publish","type":"post","link":"https:\/\/fmuniversidad.com\/web\/se-presentara-un-nuevo-proyecto-de-ley-por-el-aborto-legal\/","title":{"rendered":"Se presentar\u00e1 un nuevo proyecto de ley por el aborto legal"},"content":{"rendered":"<p>El equipo de <strong>Demasiado optimista<\/strong> se comunic\u00f3 con <strong>Mar\u00eda Elena Al\u00e9,<\/strong> representante de la Campa\u00f1a del aborto legal, seguro y gratuito, de Paran\u00e1, luego de conocerse la noticia del nuevo proyecto de ley que presentar\u00e1n.<\/p>\n<p>Durante la entrevista, Al\u00e9, detall\u00f3 sobre el trabajo que se realiz\u00f3 y el cual se est\u00e1 llevando a cabo en la actualidad, en base a las nuevas necesidades que surgen. No obstante, indic\u00f3 que se sigue manteniendo el mimos\u00a0esp\u00edritu de los 7 proyectos anteriores: luchar por el derecho a interrumpir el embarazo.<\/p>\n<p>Escuch\u00e1 la entrevista completa:<\/p>\n<p>&nbsp;<\/p>\n<p><iframe loading=\"lazy\" src=\"http:\/\/kiwi6.com\/tracks\/widget\/y105q5hr8g\" width=\"100%\" height=\"96\" frameborder=\"no\" scrolling=\"no\"><\/iframe><\/p>\n<p>&nbsp;<\/p>\n","protected":false},"excerpt":{"rendered":"<div class=\"mh-excerpt\"><p>El equipo de Demasiado optimista se comunic\u00f3 con Mar\u00eda Elena Al\u00e9, representante de la Campa\u00f1a del aborto legal, seguro y gratuito, de Paran\u00e1, luego de <a class=\"mh-excerpt-more\" href=\"https:\/\/fmuniversidad.com\/web\/se-presentara-un-nuevo-proyecto-de-ley-por-el-aborto-legal\/\" title=\"Se presentar\u00e1 un nuevo proyecto de ley por el aborto legal\">[&#8230;]<\/a><\/p>\n<\/div>","protected":false},"author":3,"featured_media":588,"comment_status":"closed","ping_status":"open","sticky":false,"template":"","format":"standard","meta":{"footnotes":""},"categories":[4],"tags":[],"_links":{"self":[{"href":"https:\/\/fmuniversidad.com\/web\/wp-json\/wp\/v2\/posts\/587"}],"collection":[{"href":"https:\/\/fmuniversidad.com\/web\/wp-json\/wp\/v2\/posts"}],"about":[{"href":"https:\/\/fmuniversidad.com\/web\/wp-json\/wp\/v2\/types\/post"}],"author":[{"embeddable":true,"href":"https:\/\/fmuniversidad.com\/web\/wp-json\/wp\/v2\/users\/3"}],"replies":[{"embeddable":true,"href":"https:\/\/fmuniversidad.com\/web\/wp-json\/wp\/v2\/comments?post=587"}],"version-history":[{"count":2,"href":"https:\/\/fmuniversidad.com\/web\/wp-json\/wp\/v2\/posts\/587\/revisions"}],"predecessor-version":[{"id":602,"href":"https:\/\/fmuniversidad.com\/web\/wp-json\/wp\/v2\/posts\/587\/revisions\/602"}],"wp:featuredmedia":[{"embeddable":true,"href":"https:\/\/fmuniversidad.com\/web\/wp-json\/wp\/v2\/media\/588"}],"wp:attachment":[{"href":"https:\/\/fmuniversidad.com\/web\/wp-json\/wp\/v2\/media?parent=587"}],"wp:term":[{"taxonomy":"category","embeddable":true,"href":"https:\/\/fmuniversidad.com\/web\/wp-json\/wp\/v2\/categories?post=587"},{"taxonomy":"post_tag","embeddable":true,"href":"https:\/\/fmuniversidad.com\/web\/wp-json\/wp\/v2\/tags?post=587"}],"curies":[{"name":"wp","href":"https:\/\/api.w.org\/{rel}","templated":true}]}}