{"id":579,"date":"2019-03-19T20:40:41","date_gmt":"2019-03-19T20:40:41","guid":{"rendered":"https:\/\/fmuniversidad.com\/web\/?p=579"},"modified":"2019-03-19T20:55:16","modified_gmt":"2019-03-19T20:55:16","slug":"romani-comercializa-su-proyecto-final","status":"publish","type":"post","link":"https:\/\/fmuniversidad.com\/web\/romani-comercializa-su-proyecto-final\/","title":{"rendered":"Romani comercializa su proyecto final"},"content":{"rendered":"<p>El ingeniero<strong> Luis Romani<\/strong>, recibido en 2015 en nuestra casa de estudios, comenz\u00f3 a comercializar lo que fue su proyecto final, <a href=\"https:\/\/www.instagram.com\/ilmelar\/\">Ilmelar<\/a>, un estimulador cognitivo.<\/p>\n<p><strong>Maricel Sattler<\/strong> lo invit\u00f3 a <strong>La hora tecnol\u00f3gica<\/strong> para que haga un repaso sobre la iniciativa y los fines de su proyecto en sus principios y cuales son los de ahora.<\/p>\n<p>Romani, entre otras especificaciones, nos cuenta sobre el uso en cuanto al rendimiento f\u00edsico, pero que en la actualidad quiere ampliar la funcionalidad para usos pedag\u00f3gicos.<\/p>\n<p>Adem\u00e1s cuenta que se sit\u00faa dentro del \u00e1mbito de microemprendedores, y habla sobre lo que significa ser parte. En cuanto a los beneficios, est\u00e1n los planes provinciales y nacionales, que son reembolsables en su mayor\u00eda,\u00a0 y estos permiten formar una red de contactos que enriquece la imagen y la difusi\u00f3n del producto, entre otros aspectos.<\/p>\n<p>Escuch\u00e1 la entrevista completa:<\/p>\n<p><iframe loading=\"lazy\" src=\"http:\/\/kiwi6.com\/tracks\/widget\/jtpcm5cdd4\" width=\"100%\" height=\"96\" frameborder=\"no\" scrolling=\"no\"><\/iframe><\/p>\n<p>&nbsp;<\/p>\n","protected":false},"excerpt":{"rendered":"<div class=\"mh-excerpt\"><p>El ingeniero Luis Romani, recibido en 2015 en nuestra casa de estudios, comenz\u00f3 a comercializar lo que fue su proyecto final, Ilmelar, un estimulador cognitivo. <a class=\"mh-excerpt-more\" href=\"https:\/\/fmuniversidad.com\/web\/romani-comercializa-su-proyecto-final\/\" title=\"Romani comercializa su proyecto final\">[&#8230;]<\/a><\/p>\n<\/div>","protected":false},"author":3,"featured_media":582,"comment_status":"closed","ping_status":"open","sticky":false,"template":"","format":"standard","meta":{"footnotes":""},"categories":[3,4],"tags":[],"_links":{"self":[{"href":"https:\/\/fmuniversidad.com\/web\/wp-json\/wp\/v2\/posts\/579"}],"collection":[{"href":"https:\/\/fmuniversidad.com\/web\/wp-json\/wp\/v2\/posts"}],"about":[{"href":"https:\/\/fmuniversidad.com\/web\/wp-json\/wp\/v2\/types\/post"}],"author":[{"embeddable":true,"href":"https:\/\/fmuniversidad.com\/web\/wp-json\/wp\/v2\/users\/3"}],"replies":[{"embeddable":true,"href":"https:\/\/fmuniversidad.com\/web\/wp-json\/wp\/v2\/comments?post=579"}],"version-history":[{"count":4,"href":"https:\/\/fmuniversidad.com\/web\/wp-json\/wp\/v2\/posts\/579\/revisions"}],"predecessor-version":[{"id":586,"href":"https:\/\/fmuniversidad.com\/web\/wp-json\/wp\/v2\/posts\/579\/revisions\/586"}],"wp:featuredmedia":[{"embeddable":true,"href":"https:\/\/fmuniversidad.com\/web\/wp-json\/wp\/v2\/media\/582"}],"wp:attachment":[{"href":"https:\/\/fmuniversidad.com\/web\/wp-json\/wp\/v2\/media?parent=579"}],"wp:term":[{"taxonomy":"category","embeddable":true,"href":"https:\/\/fmuniversidad.com\/web\/wp-json\/wp\/v2\/categories?post=579"},{"taxonomy":"post_tag","embeddable":true,"href":"https:\/\/fmuniversidad.com\/web\/wp-json\/wp\/v2\/tags?post=579"}],"curies":[{"name":"wp","href":"https:\/\/api.w.org\/{rel}","templated":true}]}}