{"id":575,"date":"2019-03-19T18:42:37","date_gmt":"2019-03-19T18:42:37","guid":{"rendered":"https:\/\/fmuniversidad.com\/web\/?p=575"},"modified":"2019-03-19T18:42:37","modified_gmt":"2019-03-19T18:42:37","slug":"stivanello-se-comunico-con-fm-universidad","status":"publish","type":"post","link":"https:\/\/fmuniversidad.com\/web\/stivanello-se-comunico-con-fm-universidad\/","title":{"rendered":"Stivanello se comunic\u00f3 con FM Universidad"},"content":{"rendered":"<p>El equipo de <strong>La hora tecnol\u00f3gica<\/strong> se comunic\u00f3 con el ingeniero <strong>Juan Jos\u00e9 Stivanello<\/strong>, uno de los responsables del laboratorio de energ\u00edas alternativas de la<strong> UTN Paran\u00e1<\/strong>, para que nos detalle sobre los recientes convenios realizados entre los Municipios de<strong> Chajar\u00ed<\/strong> y<strong> San Ana<\/strong> con nuestra facultad.<\/p>\n<p>Por un lado, con Chajar\u00ed se realiz\u00f3 un convenio marco en febrero y recientemente se concret\u00f3 uno m\u00e1s especifico, el cual\u00a0trata sobre asesorar al municipio\u00a0para llevar adelante dos proyectos de plantas solares fotovoltaica: uno en la Terminal de \u00d3mnibus y otro en el Complejo Termal de la ciudad.<\/p>\n<p>Y por otro lado, el Municipio de Santa Ana, se hizo presente en nuestra casa de estudios para avanzar en la firma de un convenio de cooperaci\u00f3n mutua.<\/p>\n<p>Conoc\u00e9 todos los detalles en la entrevista de<strong> Maricel Sattler<\/strong> para FM Universidad.<\/p>\n<p><iframe loading=\"lazy\" src=\"http:\/\/kiwi6.com\/tracks\/widget\/x2p1vdtz9y\" width=\"100%\" height=\"96\" frameborder=\"no\" scrolling=\"no\"><\/iframe><br \/>\n&nbsp;<\/p>\n","protected":false},"excerpt":{"rendered":"<div class=\"mh-excerpt\"><p>El equipo de La hora tecnol\u00f3gica se comunic\u00f3 con el ingeniero Juan Jos\u00e9 Stivanello, uno de los responsables del laboratorio de energ\u00edas alternativas de la <a class=\"mh-excerpt-more\" href=\"https:\/\/fmuniversidad.com\/web\/stivanello-se-comunico-con-fm-universidad\/\" title=\"Stivanello se comunic\u00f3 con FM Universidad\">[&#8230;]<\/a><\/p>\n<\/div>","protected":false},"author":3,"featured_media":576,"comment_status":"closed","ping_status":"open","sticky":false,"template":"","format":"standard","meta":{"footnotes":""},"categories":[3,4],"tags":[],"_links":{"self":[{"href":"https:\/\/fmuniversidad.com\/web\/wp-json\/wp\/v2\/posts\/575"}],"collection":[{"href":"https:\/\/fmuniversidad.com\/web\/wp-json\/wp\/v2\/posts"}],"about":[{"href":"https:\/\/fmuniversidad.com\/web\/wp-json\/wp\/v2\/types\/post"}],"author":[{"embeddable":true,"href":"https:\/\/fmuniversidad.com\/web\/wp-json\/wp\/v2\/users\/3"}],"replies":[{"embeddable":true,"href":"https:\/\/fmuniversidad.com\/web\/wp-json\/wp\/v2\/comments?post=575"}],"version-history":[{"count":1,"href":"https:\/\/fmuniversidad.com\/web\/wp-json\/wp\/v2\/posts\/575\/revisions"}],"predecessor-version":[{"id":577,"href":"https:\/\/fmuniversidad.com\/web\/wp-json\/wp\/v2\/posts\/575\/revisions\/577"}],"wp:featuredmedia":[{"embeddable":true,"href":"https:\/\/fmuniversidad.com\/web\/wp-json\/wp\/v2\/media\/576"}],"wp:attachment":[{"href":"https:\/\/fmuniversidad.com\/web\/wp-json\/wp\/v2\/media?parent=575"}],"wp:term":[{"taxonomy":"category","embeddable":true,"href":"https:\/\/fmuniversidad.com\/web\/wp-json\/wp\/v2\/categories?post=575"},{"taxonomy":"post_tag","embeddable":true,"href":"https:\/\/fmuniversidad.com\/web\/wp-json\/wp\/v2\/tags?post=575"}],"curies":[{"name":"wp","href":"https:\/\/api.w.org\/{rel}","templated":true}]}}