{"id":522,"date":"2019-02-26T21:13:22","date_gmt":"2019-02-26T21:13:22","guid":{"rendered":"https:\/\/fmuniversidad.com\/web\/?p=522"},"modified":"2019-02-26T21:13:22","modified_gmt":"2019-02-26T21:13:22","slug":"benedetti-dialogo-con-fm-universidad","status":"publish","type":"post","link":"https:\/\/fmuniversidad.com\/web\/benedetti-dialogo-con-fm-universidad\/","title":{"rendered":"Benedetti dialog\u00f3 con FM Universidad"},"content":{"rendered":"<p><strong>El coraz\u00f3n de la ma\u00f1ana<\/strong> estuvo en comunicaci\u00f3n con el diputado nacional <strong>Atilio Benedetti<\/strong>, pre candidato a gobernador de Entre R\u00edos por Cambiemos.<\/p>\n<p>En la entrevista cuenta sobre la conformaci\u00f3n de su lista, los integrantes y el cupo femenino de la misma.<\/p>\n<p>Sobre las propuestas, Benedetti, se\u00f1ala sobre la importancia de generar empleos privados en base a las m\u00faltiples posibilidades que brindan las econom\u00edas regionales y el turismo.<\/p>\n<p>Para cerrar, el pre candidato a gobernador, define la gesti\u00f3n de Bordet y\u00a0 la fuerza Peronista.<\/p>\n<p>Escuch\u00e1 la entrevista completa:<\/p>\n<p>&nbsp;<\/p>\n<p><iframe loading=\"lazy\" src=\"http:\/\/kiwi6.com\/tracks\/widget\/aeku7x3e8d\" width=\"100%\" height=\"96\" frameborder=\"no\" scrolling=\"no\"><\/iframe><\/p>\n","protected":false},"excerpt":{"rendered":"<div class=\"mh-excerpt\"><p>El coraz\u00f3n de la ma\u00f1ana estuvo en comunicaci\u00f3n con el diputado nacional Atilio Benedetti, pre candidato a gobernador de Entre R\u00edos por Cambiemos. En la <a class=\"mh-excerpt-more\" href=\"https:\/\/fmuniversidad.com\/web\/benedetti-dialogo-con-fm-universidad\/\" title=\"Benedetti dialog\u00f3 con FM Universidad\">[&#8230;]<\/a><\/p>\n<\/div>","protected":false},"author":3,"featured_media":523,"comment_status":"closed","ping_status":"open","sticky":false,"template":"","format":"standard","meta":{"footnotes":""},"categories":[4],"tags":[],"_links":{"self":[{"href":"https:\/\/fmuniversidad.com\/web\/wp-json\/wp\/v2\/posts\/522"}],"collection":[{"href":"https:\/\/fmuniversidad.com\/web\/wp-json\/wp\/v2\/posts"}],"about":[{"href":"https:\/\/fmuniversidad.com\/web\/wp-json\/wp\/v2\/types\/post"}],"author":[{"embeddable":true,"href":"https:\/\/fmuniversidad.com\/web\/wp-json\/wp\/v2\/users\/3"}],"replies":[{"embeddable":true,"href":"https:\/\/fmuniversidad.com\/web\/wp-json\/wp\/v2\/comments?post=522"}],"version-history":[{"count":1,"href":"https:\/\/fmuniversidad.com\/web\/wp-json\/wp\/v2\/posts\/522\/revisions"}],"predecessor-version":[{"id":524,"href":"https:\/\/fmuniversidad.com\/web\/wp-json\/wp\/v2\/posts\/522\/revisions\/524"}],"wp:featuredmedia":[{"embeddable":true,"href":"https:\/\/fmuniversidad.com\/web\/wp-json\/wp\/v2\/media\/523"}],"wp:attachment":[{"href":"https:\/\/fmuniversidad.com\/web\/wp-json\/wp\/v2\/media?parent=522"}],"wp:term":[{"taxonomy":"category","embeddable":true,"href":"https:\/\/fmuniversidad.com\/web\/wp-json\/wp\/v2\/categories?post=522"},{"taxonomy":"post_tag","embeddable":true,"href":"https:\/\/fmuniversidad.com\/web\/wp-json\/wp\/v2\/tags?post=522"}],"curies":[{"name":"wp","href":"https:\/\/api.w.org\/{rel}","templated":true}]}}