{"id":508,"date":"2019-02-26T18:29:41","date_gmt":"2019-02-26T18:29:41","guid":{"rendered":"https:\/\/fmuniversidad.com\/web\/?p=508"},"modified":"2019-02-26T18:30:43","modified_gmt":"2019-02-26T18:30:43","slug":"arranco-la-hora-tecnologica-por-fm-universidad","status":"publish","type":"post","link":"https:\/\/fmuniversidad.com\/web\/arranco-la-hora-tecnologica-por-fm-universidad\/","title":{"rendered":"Arranc\u00f3 La Hora Tecnol\u00f3gica por FM Universidad"},"content":{"rendered":"<p>Arranc\u00f3 <strong>La Hora Tecnol\u00f3gica<\/strong> por <strong>FM Universidad, 105.7.<\/strong><\/p>\n<p>Este programa forma parte de la nueva grilla, que se enmarca en los 25 a\u00f1os de nuestra radio universitaria, y se emite de lunes a viernes de 12 a 13 horas.<\/p>\n<p><strong>Maricel Sattler<\/strong> es la encargada de llevar adelante esta nueva propuesta, en la que las voces de nuestra casa de estudios participan contando sobre lo que transcurre en el d\u00eda a d\u00eda en cada rinc\u00f3n de la facultad.<\/p>\n<p>Ayer, en su primer programa, visit\u00f3 el piso de FM Universidad, el Ing. <strong>Ricardo E. Main<\/strong>, <strong>Secretario de Extensi\u00f3n Universitaria y Cultura<\/strong> de nuestra Regional.<\/p>\n<p>Durante la entrevista nos cont\u00f3 sobre la funci\u00f3n que cumple esta secretar\u00eda. Y nos detall\u00f3 los ejes des gesti\u00f3n que la componen:\u00a0organizaci\u00f3n de jornadas y eventos, participaci\u00f3n en\u00a0 exposiciones, capacitaciones, y proyectos de extensi\u00f3n.<\/p>\n<p>A la secretar\u00eda tambi\u00e9n la constituyen distintas \u00e1reas de trabajos: el \u00e1rea de vinculaci\u00f3n tecnol\u00f3gicas y el\u00a0\u00e1rea de graduados.<\/p>\n<p>El ingeniero adelant\u00f3 sobre las Jornadas de Ingenier\u00eda y Tecnolog\u00eda (JIT) que se llevar\u00e1n a cabo en en la primera semana de junio. Y por \u00faltimo, detall\u00f3\u00a0 sobre la participaci\u00f3n de la Regional en el 4to Congreso de escritores Latinoamericanos que se desarrollar\u00e1 junto a AGMER en abril.<\/p>\n<p>Escuch\u00e1 la entrevista completa:<\/p>\n<p><iframe loading=\"lazy\" src=\"http:\/\/kiwi6.com\/tracks\/widget\/o8oadb7exz\" width=\"100%\" height=\"96\" frameborder=\"no\" scrolling=\"no\"><\/iframe><\/p>\n<p>&nbsp;<\/p>\n","protected":false},"excerpt":{"rendered":"<div class=\"mh-excerpt\"><p>Arranc\u00f3 La Hora Tecnol\u00f3gica por FM Universidad, 105.7. Este programa forma parte de la nueva grilla, que se enmarca en los 25 a\u00f1os de nuestra <a class=\"mh-excerpt-more\" href=\"https:\/\/fmuniversidad.com\/web\/arranco-la-hora-tecnologica-por-fm-universidad\/\" title=\"Arranc\u00f3 La Hora Tecnol\u00f3gica por FM Universidad\">[&#8230;]<\/a><\/p>\n<\/div>","protected":false},"author":3,"featured_media":509,"comment_status":"closed","ping_status":"open","sticky":false,"template":"","format":"standard","meta":{"footnotes":""},"categories":[3,4],"tags":[],"_links":{"self":[{"href":"https:\/\/fmuniversidad.com\/web\/wp-json\/wp\/v2\/posts\/508"}],"collection":[{"href":"https:\/\/fmuniversidad.com\/web\/wp-json\/wp\/v2\/posts"}],"about":[{"href":"https:\/\/fmuniversidad.com\/web\/wp-json\/wp\/v2\/types\/post"}],"author":[{"embeddable":true,"href":"https:\/\/fmuniversidad.com\/web\/wp-json\/wp\/v2\/users\/3"}],"replies":[{"embeddable":true,"href":"https:\/\/fmuniversidad.com\/web\/wp-json\/wp\/v2\/comments?post=508"}],"version-history":[{"count":1,"href":"https:\/\/fmuniversidad.com\/web\/wp-json\/wp\/v2\/posts\/508\/revisions"}],"predecessor-version":[{"id":510,"href":"https:\/\/fmuniversidad.com\/web\/wp-json\/wp\/v2\/posts\/508\/revisions\/510"}],"wp:featuredmedia":[{"embeddable":true,"href":"https:\/\/fmuniversidad.com\/web\/wp-json\/wp\/v2\/media\/509"}],"wp:attachment":[{"href":"https:\/\/fmuniversidad.com\/web\/wp-json\/wp\/v2\/media?parent=508"}],"wp:term":[{"taxonomy":"category","embeddable":true,"href":"https:\/\/fmuniversidad.com\/web\/wp-json\/wp\/v2\/categories?post=508"},{"taxonomy":"post_tag","embeddable":true,"href":"https:\/\/fmuniversidad.com\/web\/wp-json\/wp\/v2\/tags?post=508"}],"curies":[{"name":"wp","href":"https:\/\/api.w.org\/{rel}","templated":true}]}}