{"id":4896,"date":"2026-04-28T12:43:52","date_gmt":"2026-04-28T12:43:52","guid":{"rendered":"https:\/\/fmuniversidad.com\/web\/?p=4896"},"modified":"2026-04-28T13:16:24","modified_gmt":"2026-04-28T13:16:24","slug":"gustavo-tarragona-paso-por-eramos-pocos-y-se-refirio-a-la-situacion-politica-nacional","status":"publish","type":"post","link":"https:\/\/fmuniversidad.com\/web\/gustavo-tarragona-paso-por-eramos-pocos-y-se-refirio-a-la-situacion-politica-nacional\/","title":{"rendered":"Gustavo Tarragona pas\u00f3 por \u00c9ramos pocos y se refiri\u00f3 a la situaci\u00f3n pol\u00edtica nacional"},"content":{"rendered":"\n<p>Entrevistamos a Gustavo Tarragona sobre la situaci\u00f3n del pa\u00eds y el gobierno de Milei  <\/p>\n\n\n\n<figure class=\"wp-block-audio\"><audio controls src=\"https:\/\/fmuniversidad.com\/web\/wp-content\/uploads\/2026\/04\/EP-Gustavo-Tarragona.mp3\"><\/audio><\/figure>\n","protected":false},"excerpt":{"rendered":"<div class=\"mh-excerpt\"><p>Entrevistamos a Gustavo Tarragona sobre la situaci\u00f3n del pa\u00eds y el gobierno de Milei<\/p>\n<\/div>","protected":false},"author":3,"featured_media":4900,"comment_status":"closed","ping_status":"open","sticky":false,"template":"","format":"standard","meta":{"footnotes":""},"categories":[1],"tags":[],"_links":{"self":[{"href":"https:\/\/fmuniversidad.com\/web\/wp-json\/wp\/v2\/posts\/4896"}],"collection":[{"href":"https:\/\/fmuniversidad.com\/web\/wp-json\/wp\/v2\/posts"}],"about":[{"href":"https:\/\/fmuniversidad.com\/web\/wp-json\/wp\/v2\/types\/post"}],"author":[{"embeddable":true,"href":"https:\/\/fmuniversidad.com\/web\/wp-json\/wp\/v2\/users\/3"}],"replies":[{"embeddable":true,"href":"https:\/\/fmuniversidad.com\/web\/wp-json\/wp\/v2\/comments?post=4896"}],"version-history":[{"count":2,"href":"https:\/\/fmuniversidad.com\/web\/wp-json\/wp\/v2\/posts\/4896\/revisions"}],"predecessor-version":[{"id":4899,"href":"https:\/\/fmuniversidad.com\/web\/wp-json\/wp\/v2\/posts\/4896\/revisions\/4899"}],"wp:featuredmedia":[{"embeddable":true,"href":"https:\/\/fmuniversidad.com\/web\/wp-json\/wp\/v2\/media\/4900"}],"wp:attachment":[{"href":"https:\/\/fmuniversidad.com\/web\/wp-json\/wp\/v2\/media?parent=4896"}],"wp:term":[{"taxonomy":"category","embeddable":true,"href":"https:\/\/fmuniversidad.com\/web\/wp-json\/wp\/v2\/categories?post=4896"},{"taxonomy":"post_tag","embeddable":true,"href":"https:\/\/fmuniversidad.com\/web\/wp-json\/wp\/v2\/tags?post=4896"}],"curies":[{"name":"wp","href":"https:\/\/api.w.org\/{rel}","templated":true}]}}