{"id":4873,"date":"2026-03-12T12:51:31","date_gmt":"2026-03-12T12:51:31","guid":{"rendered":"https:\/\/fmuniversidad.com\/web\/?p=4873"},"modified":"2026-04-13T22:33:21","modified_gmt":"2026-04-13T22:33:21","slug":"la-uca-advierte-sobre-la-alimentacion-de-los-trabajadores-asalariados","status":"publish","type":"post","link":"https:\/\/fmuniversidad.com\/web\/la-uca-advierte-sobre-la-alimentacion-de-los-trabajadores-asalariados\/","title":{"rendered":"La UCA advierte sobre la alimentaci\u00f3n de los trabajadores asalariados"},"content":{"rendered":"\n<p>La investigadora Ianina Tu\u00f1on, Coordinadora del Bar\u00f3metro de la Deuda Social de la Infancia UCA, habl\u00f3 en Punto de Foco y expuso los resultados del primer relevamiento de alimentaci\u00f3n y comensalidad en poblaci\u00f3n asalariada de la Argentina.<\/p>\n\n\n\n<p><br>Los resultados son preocupantes: el 83,5% de los trabajadores asalariados argentinos enfrenta alguna forma de vulnerabilidad alimentaria durante su jornada laboral. El 61,1% se saltea comidas. Uno de cada cinco directamente no come.<\/p>\n\n\n\n<figure class=\"wp-block-audio\"><audio controls src=\"https:\/\/fmuniversidad.com\/web\/wp-content\/uploads\/2026\/03\/IANINA.mp3\"><\/audio><\/figure>\n","protected":false},"excerpt":{"rendered":"<div class=\"mh-excerpt\"><p>La investigadora Ianina Tu\u00f1on, Coordinadora del Bar\u00f3metro de la Deuda Social de la Infancia UCA, habl\u00f3 en Punto de Foco y expuso los resultados del <a class=\"mh-excerpt-more\" href=\"https:\/\/fmuniversidad.com\/web\/la-uca-advierte-sobre-la-alimentacion-de-los-trabajadores-asalariados\/\" title=\"La UCA advierte sobre la alimentaci\u00f3n de los trabajadores asalariados\">[&#8230;]<\/a><\/p>\n<\/div>","protected":false},"author":3,"featured_media":4893,"comment_status":"closed","ping_status":"open","sticky":false,"template":"","format":"standard","meta":{"footnotes":""},"categories":[3],"tags":[],"_links":{"self":[{"href":"https:\/\/fmuniversidad.com\/web\/wp-json\/wp\/v2\/posts\/4873"}],"collection":[{"href":"https:\/\/fmuniversidad.com\/web\/wp-json\/wp\/v2\/posts"}],"about":[{"href":"https:\/\/fmuniversidad.com\/web\/wp-json\/wp\/v2\/types\/post"}],"author":[{"embeddable":true,"href":"https:\/\/fmuniversidad.com\/web\/wp-json\/wp\/v2\/users\/3"}],"replies":[{"embeddable":true,"href":"https:\/\/fmuniversidad.com\/web\/wp-json\/wp\/v2\/comments?post=4873"}],"version-history":[{"count":3,"href":"https:\/\/fmuniversidad.com\/web\/wp-json\/wp\/v2\/posts\/4873\/revisions"}],"predecessor-version":[{"id":4883,"href":"https:\/\/fmuniversidad.com\/web\/wp-json\/wp\/v2\/posts\/4873\/revisions\/4883"}],"wp:featuredmedia":[{"embeddable":true,"href":"https:\/\/fmuniversidad.com\/web\/wp-json\/wp\/v2\/media\/4893"}],"wp:attachment":[{"href":"https:\/\/fmuniversidad.com\/web\/wp-json\/wp\/v2\/media?parent=4873"}],"wp:term":[{"taxonomy":"category","embeddable":true,"href":"https:\/\/fmuniversidad.com\/web\/wp-json\/wp\/v2\/categories?post=4873"},{"taxonomy":"post_tag","embeddable":true,"href":"https:\/\/fmuniversidad.com\/web\/wp-json\/wp\/v2\/tags?post=4873"}],"curies":[{"name":"wp","href":"https:\/\/api.w.org\/{rel}","templated":true}]}}