{"id":4868,"date":"2026-03-12T12:45:16","date_gmt":"2026-03-12T12:45:16","guid":{"rendered":"https:\/\/fmuniversidad.com\/web\/?p=4868"},"modified":"2026-04-13T22:31:17","modified_gmt":"2026-04-13T22:31:17","slug":"agricultores-espanoles-se-oponen-al-acuerdo-mercosur-ue","status":"publish","type":"post","link":"https:\/\/fmuniversidad.com\/web\/agricultores-espanoles-se-oponen-al-acuerdo-mercosur-ue\/","title":{"rendered":"Agricultores espa\u00f1oles se oponen al acuerdo Mercosur- UE"},"content":{"rendered":"\n<p><br> Fernando Dur\u00e1, responsable de comercio exterior de Uni\u00f3n de uniones de agricultores y ganaderos de Espa\u00f1a, expuso en Punto de Foco las cr\u00edticas que su sector mantiene sobre el acuerdo recientemente firmado y advierte sobre la llegada de productos industriales a la Argentina.<\/p>\n\n\n\n<p><\/p>\n\n\n\n<p><\/p>\n\n\n\n<figure class=\"wp-block-audio\"><audio controls src=\"blob:https:\/\/fmuniversidad.com\/40387234-b795-43e6-bbfa-5348d85b3436\"><\/audio><\/figure>\n\n\n\n<p><\/p>\n","protected":false},"excerpt":{"rendered":"<div class=\"mh-excerpt\"><p>Fernando Dur\u00e1, responsable de comercio exterior de Uni\u00f3n de uniones de agricultores y ganaderos de Espa\u00f1a, expuso en Punto de Foco las cr\u00edticas que su <a class=\"mh-excerpt-more\" href=\"https:\/\/fmuniversidad.com\/web\/agricultores-espanoles-se-oponen-al-acuerdo-mercosur-ue\/\" title=\"Agricultores espa\u00f1oles se oponen al acuerdo Mercosur- UE\">[&#8230;]<\/a><\/p>\n<\/div>","protected":false},"author":3,"featured_media":4892,"comment_status":"closed","ping_status":"open","sticky":false,"template":"","format":"standard","meta":{"footnotes":""},"categories":[3],"tags":[],"_links":{"self":[{"href":"https:\/\/fmuniversidad.com\/web\/wp-json\/wp\/v2\/posts\/4868"}],"collection":[{"href":"https:\/\/fmuniversidad.com\/web\/wp-json\/wp\/v2\/posts"}],"about":[{"href":"https:\/\/fmuniversidad.com\/web\/wp-json\/wp\/v2\/types\/post"}],"author":[{"embeddable":true,"href":"https:\/\/fmuniversidad.com\/web\/wp-json\/wp\/v2\/users\/3"}],"replies":[{"embeddable":true,"href":"https:\/\/fmuniversidad.com\/web\/wp-json\/wp\/v2\/comments?post=4868"}],"version-history":[{"count":4,"href":"https:\/\/fmuniversidad.com\/web\/wp-json\/wp\/v2\/posts\/4868\/revisions"}],"predecessor-version":[{"id":4887,"href":"https:\/\/fmuniversidad.com\/web\/wp-json\/wp\/v2\/posts\/4868\/revisions\/4887"}],"wp:featuredmedia":[{"embeddable":true,"href":"https:\/\/fmuniversidad.com\/web\/wp-json\/wp\/v2\/media\/4892"}],"wp:attachment":[{"href":"https:\/\/fmuniversidad.com\/web\/wp-json\/wp\/v2\/media?parent=4868"}],"wp:term":[{"taxonomy":"category","embeddable":true,"href":"https:\/\/fmuniversidad.com\/web\/wp-json\/wp\/v2\/categories?post=4868"},{"taxonomy":"post_tag","embeddable":true,"href":"https:\/\/fmuniversidad.com\/web\/wp-json\/wp\/v2\/tags?post=4868"}],"curies":[{"name":"wp","href":"https:\/\/api.w.org\/{rel}","templated":true}]}}