{"id":4830,"date":"2026-03-08T19:11:24","date_gmt":"2026-03-08T19:11:24","guid":{"rendered":"https:\/\/fmuniversidad.com\/web\/?p=4830"},"modified":"2026-03-08T19:11:24","modified_gmt":"2026-03-08T19:11:24","slug":"comenzo-la-segunda-edicion-del-curso-de-ia-para-procesos-administrativos","status":"publish","type":"post","link":"https:\/\/fmuniversidad.com\/web\/comenzo-la-segunda-edicion-del-curso-de-ia-para-procesos-administrativos\/","title":{"rendered":"Comenz\u00f3 la segunda edici\u00f3n del curso de IA para procesos administrativos"},"content":{"rendered":"\n<p><strong>Arranc\u00f3 la segunda edici\u00f3n del\u00a0Curso de Inteligencia Artificial aplicada a procesos administrativos, una propuesta de capacitaci\u00f3n destinada al personal nodocente de la instituci\u00f3n.<\/strong><\/p>\n\n\n\n<p>La iniciativa forma parte de las acciones que la Facultad promueve para&nbsp;<strong>fortalecer las competencias digitales y acompa\u00f1ar la incorporaci\u00f3n de herramientas tecnol\u00f3gicas en la gesti\u00f3n cotidiana<\/strong>, apostando a una universidad cada vez m\u00e1s eficiente, innovadora y preparada para los desaf\u00edos actuales.<\/p>\n\n\n\n<p>La primera edici\u00f3n tuvo una muy buena recepci\u00f3n por parte de los participantes, lo que motiv\u00f3 la realizaci\u00f3n de esta nueva instancia de formaci\u00f3n. Adem\u00e1s, desde la instituci\u00f3n ya se proyecta&nbsp;<strong>una tercera edici\u00f3n<\/strong>, con el objetivo de que&nbsp;<strong>toda la comunidad nodocente pueda acceder a esta capacitaci\u00f3n<\/strong>.<\/p>\n","protected":false},"excerpt":{"rendered":"<div class=\"mh-excerpt\"><p>Arranc\u00f3 la segunda edici\u00f3n del\u00a0Curso de Inteligencia Artificial aplicada a procesos administrativos, una propuesta de capacitaci\u00f3n destinada al personal nodocente de la instituci\u00f3n. La iniciativa <a class=\"mh-excerpt-more\" href=\"https:\/\/fmuniversidad.com\/web\/comenzo-la-segunda-edicion-del-curso-de-ia-para-procesos-administrativos\/\" title=\"Comenz\u00f3 la segunda edici\u00f3n del curso de IA para procesos administrativos\">[&#8230;]<\/a><\/p>\n<\/div>","protected":false},"author":3,"featured_media":4831,"comment_status":"closed","ping_status":"open","sticky":false,"template":"","format":"standard","meta":{"footnotes":""},"categories":[3],"tags":[],"_links":{"self":[{"href":"https:\/\/fmuniversidad.com\/web\/wp-json\/wp\/v2\/posts\/4830"}],"collection":[{"href":"https:\/\/fmuniversidad.com\/web\/wp-json\/wp\/v2\/posts"}],"about":[{"href":"https:\/\/fmuniversidad.com\/web\/wp-json\/wp\/v2\/types\/post"}],"author":[{"embeddable":true,"href":"https:\/\/fmuniversidad.com\/web\/wp-json\/wp\/v2\/users\/3"}],"replies":[{"embeddable":true,"href":"https:\/\/fmuniversidad.com\/web\/wp-json\/wp\/v2\/comments?post=4830"}],"version-history":[{"count":1,"href":"https:\/\/fmuniversidad.com\/web\/wp-json\/wp\/v2\/posts\/4830\/revisions"}],"predecessor-version":[{"id":4832,"href":"https:\/\/fmuniversidad.com\/web\/wp-json\/wp\/v2\/posts\/4830\/revisions\/4832"}],"wp:featuredmedia":[{"embeddable":true,"href":"https:\/\/fmuniversidad.com\/web\/wp-json\/wp\/v2\/media\/4831"}],"wp:attachment":[{"href":"https:\/\/fmuniversidad.com\/web\/wp-json\/wp\/v2\/media?parent=4830"}],"wp:term":[{"taxonomy":"category","embeddable":true,"href":"https:\/\/fmuniversidad.com\/web\/wp-json\/wp\/v2\/categories?post=4830"},{"taxonomy":"post_tag","embeddable":true,"href":"https:\/\/fmuniversidad.com\/web\/wp-json\/wp\/v2\/tags?post=4830"}],"curies":[{"name":"wp","href":"https:\/\/api.w.org\/{rel}","templated":true}]}}