{"id":4827,"date":"2026-03-08T19:04:45","date_gmt":"2026-03-08T19:04:45","guid":{"rendered":"https:\/\/fmuniversidad.com\/web\/?p=4827"},"modified":"2026-03-08T19:11:38","modified_gmt":"2026-03-08T19:11:38","slug":"comenzo-a-dictarse-la-tecnicatura-en-mecatronica-en-gral-ramirez","status":"publish","type":"post","link":"https:\/\/fmuniversidad.com\/web\/comenzo-a-dictarse-la-tecnicatura-en-mecatronica-en-gral-ramirez\/","title":{"rendered":"Comenz\u00f3 a dictarse la Tecnicatura en Mecatr\u00f3nica en Gral. Ramirez"},"content":{"rendered":"\n<p><strong>Un nuevo paso en la expansi\u00f3n territorial se dio ayer con el inicio de clases de la Tecnicatura Universitaria en Mecatr\u00f3nica en General Ram\u00edrez, marcando la puesta en marcha de una nueva Extensi\u00f3n \u00c1ulica dependiente de la\u00a0Facultad Regional Paran\u00e1.<\/strong><\/p>\n\n\n\n<p>El acto de apertura se realiz\u00f3 en las instalaciones de la&nbsp;Escuela de Educaci\u00f3n T\u00e9cnica N\u00b0 114 \u201cJusto Jos\u00e9 de Urquiza\u201d, uno de los espacios donde funcionar\u00e1 la nueva sede acad\u00e9mica junto al N\u00facleo de Formaci\u00f3n del municipio. M\u00e1s de 50 ingresantes comenzaron as\u00ed su formaci\u00f3n universitaria en una carrera estrat\u00e9gica para el desarrollo productivo local y regional.<\/p>\n\n\n\n<p>La apertura es fruto de un proceso articulado entre la UTN, el municipio, la comunidad educativa de la escuela t\u00e9cnica, la Consejo General de Educaci\u00f3n y 18 empresas de la ciudad, que acompa\u00f1aron activamente la iniciativa.<\/p>\n\n\n\n<p>Durante el acto, el decano de la Facultad Regional Paran\u00e1, Alejandro Carrere, destac\u00f3 que esta extensi\u00f3n \u201ces el resultado de una decisi\u00f3n pol\u00edtica e institucional clara: llevar la universidad p\u00fablica all\u00ed donde hay demanda y vocaci\u00f3n de crecimiento\u201d. Subray\u00f3 adem\u00e1s que la mecatr\u00f3nica constituye un perfil profesional clave para los nuevos escenarios industriales, donde convergen la electr\u00f3nica, la mec\u00e1nica y la automatizaci\u00f3n.<\/p>\n\n\n\n<p>La creaci\u00f3n de la Extensi\u00f3n \u00c1ulica General Ram\u00edrez fue aprobada por el Consejo Superior de la UTN durante su 1\u00aa Reuni\u00f3n Ordinaria, realizada el 25 de febrero de 2026 en el Rectorado. La iniciativa se formaliz\u00f3 luego de la solicitud elevada por la Facultad Regional Paran\u00e1 mediante la Resoluci\u00f3n del Consejo Directivo N\u00b0 628\/2025, y cont\u00f3 con despacho favorable de la comisi\u00f3n correspondiente. Asimismo, a trav\u00e9s de la Resoluci\u00f3n N\u00b0 629\/2025, se autoriz\u00f3 el dictado de la Tecnicatura Universitaria en Mecatr\u00f3nica en esa sede durante los ciclos lectivos 2026 y 2027.<\/p>\n\n\n\n<p>Previo a su aprobaci\u00f3n definitiva, se realiz\u00f3 una visita virtual de car\u00e1cter probatorio para constatar las condiciones acad\u00e9micas y edilicias, reafirmando el compromiso institucional con est\u00e1ndares de calidad en cada nueva apertura.<\/p>\n\n\n\n<p>Por su parte, la intendenta de General Ram\u00edrez valor\u00f3 el trabajo conjunto que hizo posible la llegada de la UTN a la ciudad y remarc\u00f3 el impacto que tendr\u00e1 en las juventudes locales, que ahora podr\u00e1n acceder a formaci\u00f3n universitaria sin necesidad de migrar.<\/p>\n\n\n\n<p><a href=\"https:\/\/www.frp.utn.edu.ar\/info2\/?p=30953\">https:\/\/www.frp.utn.edu.ar\/info2\/?p=30953<\/a><\/p>\n","protected":false},"excerpt":{"rendered":"<div class=\"mh-excerpt\"><p>Un nuevo paso en la expansi\u00f3n territorial se dio ayer con el inicio de clases de la Tecnicatura Universitaria en Mecatr\u00f3nica en General Ram\u00edrez, marcando <a class=\"mh-excerpt-more\" href=\"https:\/\/fmuniversidad.com\/web\/comenzo-a-dictarse-la-tecnicatura-en-mecatronica-en-gral-ramirez\/\" title=\"Comenz\u00f3 a dictarse la Tecnicatura en Mecatr\u00f3nica en Gral. Ramirez\">[&#8230;]<\/a><\/p>\n<\/div>","protected":false},"author":3,"featured_media":4828,"comment_status":"closed","ping_status":"open","sticky":false,"template":"","format":"standard","meta":{"footnotes":""},"categories":[3],"tags":[],"_links":{"self":[{"href":"https:\/\/fmuniversidad.com\/web\/wp-json\/wp\/v2\/posts\/4827"}],"collection":[{"href":"https:\/\/fmuniversidad.com\/web\/wp-json\/wp\/v2\/posts"}],"about":[{"href":"https:\/\/fmuniversidad.com\/web\/wp-json\/wp\/v2\/types\/post"}],"author":[{"embeddable":true,"href":"https:\/\/fmuniversidad.com\/web\/wp-json\/wp\/v2\/users\/3"}],"replies":[{"embeddable":true,"href":"https:\/\/fmuniversidad.com\/web\/wp-json\/wp\/v2\/comments?post=4827"}],"version-history":[{"count":2,"href":"https:\/\/fmuniversidad.com\/web\/wp-json\/wp\/v2\/posts\/4827\/revisions"}],"predecessor-version":[{"id":4833,"href":"https:\/\/fmuniversidad.com\/web\/wp-json\/wp\/v2\/posts\/4827\/revisions\/4833"}],"wp:featuredmedia":[{"embeddable":true,"href":"https:\/\/fmuniversidad.com\/web\/wp-json\/wp\/v2\/media\/4828"}],"wp:attachment":[{"href":"https:\/\/fmuniversidad.com\/web\/wp-json\/wp\/v2\/media?parent=4827"}],"wp:term":[{"taxonomy":"category","embeddable":true,"href":"https:\/\/fmuniversidad.com\/web\/wp-json\/wp\/v2\/categories?post=4827"},{"taxonomy":"post_tag","embeddable":true,"href":"https:\/\/fmuniversidad.com\/web\/wp-json\/wp\/v2\/tags?post=4827"}],"curies":[{"name":"wp","href":"https:\/\/api.w.org\/{rel}","templated":true}]}}