{"id":443,"date":"2019-02-05T20:48:09","date_gmt":"2019-02-05T20:48:09","guid":{"rendered":"https:\/\/fmuniversidad.com\/web\/?p=443"},"modified":"2019-02-05T21:08:10","modified_gmt":"2019-02-05T21:08:10","slug":"ya-comenzo-el-festival-nacional-del-chamame","status":"publish","type":"post","link":"https:\/\/fmuniversidad.com\/web\/ya-comenzo-el-festival-nacional-del-chamame\/","title":{"rendered":"Ya comenz\u00f3 el Festival Nacional del Chamam\u00e9"},"content":{"rendered":"<p>Ya dio inicio\u00a0la edici\u00f3n n\u00famero 44 del <strong>Festival Nacional del Chamam\u00e9<\/strong> en Federal. El gran evento cuenta con 9 jornadas las cuales se dividen en 3 segmentos: bailantes, pe\u00f1as y escenario mayor, se\u00f1ala\u00a0 <strong>Gerardo Chapino<\/strong>, intendente de Federal.<\/p>\n<p>En esta ocasi\u00f3n formar\u00e1n parte del escenario mayor m\u00e1s de 40 artistas de gran trayectoria, entre ellos:\u00a0<strong>Monchito Merlo<\/strong>, <strong>Tarrag\u00f3 Ros<\/strong>, <strong>Los del Imaguar\u00e9<\/strong>, <strong>Chango Spasiuk y Las Hermanas Vera<\/strong>.<\/p>\n<p>Por su parte, los precios de las entradas de los d\u00edas 8, 9 y 10 de febrero, que corresponden a los 3 d\u00edas del escenario mayor, cuestan:\u00a0 menores de 6 a\u00f1os $30, desde los 6 hasta los 12 a\u00f1os $70 y mayores $250.<\/p>\n<p>El intendente de Federal brind\u00f3 distintos detalles sobre el evento de gran magnitud que cuenta la ciudad, el movimiento tur\u00edstico, las bailantes, las pe\u00f1as y los shows del escenario mayor. No te pierdas la entrevista realizada por <strong>Wilton Osan<\/strong> para <strong>FM Universidad<\/strong>.<\/p>\n<p><iframe loading=\"lazy\" src=\"http:\/\/kiwi6.com\/tracks\/widget\/jqkdbpjzub\" width=\"100%\" height=\"96\" frameborder=\"no\" scrolling=\"no\"><\/iframe><\/p>\n<div id='gallery-1' class='gallery galleryid-443 gallery-columns-3 gallery-size-thumbnail'><figure class='gallery-item'>\n\t\t\t<div class='gallery-icon landscape'>\n\t\t\t\t<a href='https:\/\/fmuniversidad.com\/web\/ya-comenzo-el-festival-nacional-del-chamame\/51172572_1003322566508185_1857614677400354816_n\/'><img loading=\"lazy\" decoding=\"async\" width=\"150\" height=\"150\" src=\"https:\/\/fmuniversidad.com\/web\/wp-content\/uploads\/2019\/02\/51172572_1003322566508185_1857614677400354816_n-150x150.jpg\" class=\"attachment-thumbnail size-thumbnail\" alt=\"\" srcset=\"https:\/\/fmuniversidad.com\/web\/wp-content\/uploads\/2019\/02\/51172572_1003322566508185_1857614677400354816_n-150x150.jpg 150w, https:\/\/fmuniversidad.com\/web\/wp-content\/uploads\/2019\/02\/51172572_1003322566508185_1857614677400354816_n-300x300.jpg 300w, https:\/\/fmuniversidad.com\/web\/wp-content\/uploads\/2019\/02\/51172572_1003322566508185_1857614677400354816_n.jpg 720w\" sizes=\"(max-width: 150px) 100vw, 150px\" \/><\/a>\n\t\t\t<\/div><\/figure><figure class='gallery-item'>\n\t\t\t<div class='gallery-icon portrait'>\n\t\t\t\t<a href='https:\/\/fmuniversidad.com\/web\/ya-comenzo-el-festival-nacional-del-chamame\/51124279_1003406449833130_7226536441231179776_n\/'><img loading=\"lazy\" decoding=\"async\" width=\"150\" height=\"150\" src=\"https:\/\/fmuniversidad.com\/web\/wp-content\/uploads\/2019\/02\/51124279_1003406449833130_7226536441231179776_n-150x150.jpg\" class=\"attachment-thumbnail size-thumbnail\" alt=\"\" \/><\/a>\n\t\t\t<\/div><\/figure><figure class='gallery-item'>\n\t\t\t<div class='gallery-icon landscape'>\n\t\t\t\t<a href='https:\/\/fmuniversidad.com\/web\/ya-comenzo-el-festival-nacional-del-chamame\/51279073_1003322633174845_4547074811053998080_n\/'><img loading=\"lazy\" decoding=\"async\" width=\"150\" height=\"150\" src=\"https:\/\/fmuniversidad.com\/web\/wp-content\/uploads\/2019\/02\/51279073_1003322633174845_4547074811053998080_n-150x150.jpg\" class=\"attachment-thumbnail size-thumbnail\" alt=\"\" srcset=\"https:\/\/fmuniversidad.com\/web\/wp-content\/uploads\/2019\/02\/51279073_1003322633174845_4547074811053998080_n-150x150.jpg 150w, https:\/\/fmuniversidad.com\/web\/wp-content\/uploads\/2019\/02\/51279073_1003322633174845_4547074811053998080_n-300x300.jpg 300w, https:\/\/fmuniversidad.com\/web\/wp-content\/uploads\/2019\/02\/51279073_1003322633174845_4547074811053998080_n.jpg 720w\" sizes=\"(max-width: 150px) 100vw, 150px\" \/><\/a>\n\t\t\t<\/div><\/figure>\n\t\t<\/div>\n\n<p>&nbsp;<\/p>\n","protected":false},"excerpt":{"rendered":"<div class=\"mh-excerpt\"><p>Ya dio inicio\u00a0la edici\u00f3n n\u00famero 44 del Festival Nacional del Chamam\u00e9 en Federal. El gran evento cuenta con 9 jornadas las cuales se dividen en <a class=\"mh-excerpt-more\" href=\"https:\/\/fmuniversidad.com\/web\/ya-comenzo-el-festival-nacional-del-chamame\/\" title=\"Ya comenz\u00f3 el Festival Nacional del Chamam\u00e9\">[&#8230;]<\/a><\/p>\n<\/div>","protected":false},"author":3,"featured_media":450,"comment_status":"closed","ping_status":"open","sticky":false,"template":"","format":"standard","meta":{"footnotes":""},"categories":[4],"tags":[],"_links":{"self":[{"href":"https:\/\/fmuniversidad.com\/web\/wp-json\/wp\/v2\/posts\/443"}],"collection":[{"href":"https:\/\/fmuniversidad.com\/web\/wp-json\/wp\/v2\/posts"}],"about":[{"href":"https:\/\/fmuniversidad.com\/web\/wp-json\/wp\/v2\/types\/post"}],"author":[{"embeddable":true,"href":"https:\/\/fmuniversidad.com\/web\/wp-json\/wp\/v2\/users\/3"}],"replies":[{"embeddable":true,"href":"https:\/\/fmuniversidad.com\/web\/wp-json\/wp\/v2\/comments?post=443"}],"version-history":[{"count":2,"href":"https:\/\/fmuniversidad.com\/web\/wp-json\/wp\/v2\/posts\/443\/revisions"}],"predecessor-version":[{"id":449,"href":"https:\/\/fmuniversidad.com\/web\/wp-json\/wp\/v2\/posts\/443\/revisions\/449"}],"wp:featuredmedia":[{"embeddable":true,"href":"https:\/\/fmuniversidad.com\/web\/wp-json\/wp\/v2\/media\/450"}],"wp:attachment":[{"href":"https:\/\/fmuniversidad.com\/web\/wp-json\/wp\/v2\/media?parent=443"}],"wp:term":[{"taxonomy":"category","embeddable":true,"href":"https:\/\/fmuniversidad.com\/web\/wp-json\/wp\/v2\/categories?post=443"},{"taxonomy":"post_tag","embeddable":true,"href":"https:\/\/fmuniversidad.com\/web\/wp-json\/wp\/v2\/tags?post=443"}],"curies":[{"name":"wp","href":"https:\/\/api.w.org\/{rel}","templated":true}]}}