{"id":4083,"date":"2021-08-02T22:21:37","date_gmt":"2021-08-02T22:21:37","guid":{"rendered":"https:\/\/fmuniversidad.com\/web\/?p=4083"},"modified":"2021-08-02T22:23:39","modified_gmt":"2021-08-02T22:23:39","slug":"arranco-el-cronograma-del-operativo-animal","status":"publish","type":"post","link":"https:\/\/fmuniversidad.com\/web\/arranco-el-cronograma-del-operativo-animal\/","title":{"rendered":"Arranc\u00f3 el cronograma del operativo animal"},"content":{"rendered":"<p><strong>En Paran\u00e1 se retomaron los operativos barriales para la castraci\u00f3n y salud animal.\u00a0Lucas Garcilazo, subsecretario de Gesti\u00f3n P\u00fablica de Paran\u00e1, estuvo en comunicaci\u00f3n con FM Universidad y explic\u00f3 de qu\u00e9 tratan los mismos, d\u00f3nde se encuentran y c\u00f3mo se gestionan los turnos para ir a los barrios.<\/strong><\/p>\n<p>Hoy se comenz\u00f3 a llevar a cabo el segundo operativo del a\u00f1o en la ciudad, en barrio Bajada Grande. Garcilazo coment\u00f3 que en esta oportunidad 2 chicas junto a la comisi\u00f3n vecinal fueron la encargadas de censar los animales a atenderse y sumaron una cantidad de 300, lo que implica un turno de 2 semanas en el barrio.<\/p>\n<p>Los operativos barriales de castraci\u00f3n y salud a animales consiste en castraciones, tratamientos antirr\u00e1bicos, vacunaci\u00f3n y consultas cl\u00ednicas. En caso que se necesiten cirug\u00edas de otra \u00edndole se derivan al Centro de Atenci\u00f3n Primaria Animal situado en Rep\u00fablica de Siria 500, apunt\u00f3 el entrevistado.<\/p>\n<p>Cualquier vecino interesado, como tambi\u00e9n asociaciones de animales o comisiones vecinales, pueden comunicarse v\u00eda email a saludanimalparana@gmail.com y pedir un turno para solicitar el quir\u00f3fano m\u00f3vil al barrio y poder\u00a0castrar, desparasitar y vacunar a las mascotas. En estos casos se solicita a quienes encabezan el pedido, realizar un censo de los animales a atender y dependiendo de ello es el turno que se les brinda. La gesti\u00f3n de esta forma hace que las visitas a los barrios sean m\u00e1s productivas, ya que no habr\u00eda d\u00edas sin uso de las instalaciones.<\/p>\n<p>&nbsp;<\/p>\n<p><b>Cronograma<\/b><\/p>\n<p>Bajada Grande: desde el lunes 2 al viernes 13 de agosto.<\/p>\n<p>Santa Luc\u00eda: desde el martes 17 al viernes 20 de agosto.<\/p>\n<p>Barrio Per\u00f3n: desde el lunes 23 al viernes 27 de agosto.<\/p>\n<p>Zona Almafuerte: desde el lunes 30 de agosto al viernes 3 de septiembre.<\/p>\n<p>Y ya hay pedidos de otros barrios por lo que pronto se ampliar\u00e1 el cronograma.<\/p>\n<p>&nbsp;<\/p>\n<p><b>Requisitos<\/b><\/p>\n<p>Para acudir a unos de los operativos se requiere, en caso de castraci\u00f3n de los caninos o felinos, que sean mayores de 5 o 6 meses de edad y\u00a0estar en ayunas de 8 horas. Tambi\u00e9n se sugiere, que de haber\u00a0tenido cr\u00eda, lo m\u00e1s conveniente es castrarlos a partir de los 45 a 60 d\u00edas posteriores al parto.<\/p>\n<p>Los propietarios que lleven los animales deben ser mayor de edad y deben concurrir con DNI. Adem\u00e1s, deben acudir con una manta (para cubrirlo post operaci\u00f3n) y se solicita la colaboraci\u00f3n con una hoja de afeitar o gillette (no maquinita). Por \u00faltimo se indica llevar a los perros con correa, y con bozal, si es agresivo, mientras que los gatos deben se llevados en bolso, mochila, canasta o bolsa arpillera, a fin de resguardar su seguridad.<\/p>\n<p>&nbsp;<\/p>\n<p><em>Escuch\u00e1 la entrevista completa:<\/em><\/p>\n<!--[if lt IE 9]><script>document.createElement('audio');<\/script><![endif]-->\n<audio class=\"wp-audio-shortcode\" id=\"audio-4083-1\" preload=\"none\" style=\"width: 100%;\" controls=\"controls\"><source type=\"audio\/mpeg\" src=\"https:\/\/fmuniversidad.com\/web\/wp-content\/uploads\/2021\/08\/PTO_02_08_21_LUCAS_GARCILAZO_SALUD_ANIMAL_CASTRACIONES_CRONOGRAMA.mp3?_=1\" \/><a href=\"https:\/\/fmuniversidad.com\/web\/wp-content\/uploads\/2021\/08\/PTO_02_08_21_LUCAS_GARCILAZO_SALUD_ANIMAL_CASTRACIONES_CRONOGRAMA.mp3\">https:\/\/fmuniversidad.com\/web\/wp-content\/uploads\/2021\/08\/PTO_02_08_21_LUCAS_GARCILAZO_SALUD_ANIMAL_CASTRACIONES_CRONOGRAMA.mp3<\/a><\/audio>\n<p>&nbsp;<\/p>\n","protected":false},"excerpt":{"rendered":"<div class=\"mh-excerpt\"><p>En Paran\u00e1 se retomaron los operativos barriales para la castraci\u00f3n y salud animal.\u00a0Lucas Garcilazo, subsecretario de Gesti\u00f3n P\u00fablica de Paran\u00e1, estuvo en comunicaci\u00f3n con FM <a class=\"mh-excerpt-more\" href=\"https:\/\/fmuniversidad.com\/web\/arranco-el-cronograma-del-operativo-animal\/\" title=\"Arranc\u00f3 el cronograma del operativo animal\">[&#8230;]<\/a><\/p>\n<\/div>","protected":false},"author":3,"featured_media":4087,"comment_status":"closed","ping_status":"open","sticky":false,"template":"","format":"standard","meta":{"footnotes":""},"categories":[4],"tags":[628,627,84,626],"_links":{"self":[{"href":"https:\/\/fmuniversidad.com\/web\/wp-json\/wp\/v2\/posts\/4083"}],"collection":[{"href":"https:\/\/fmuniversidad.com\/web\/wp-json\/wp\/v2\/posts"}],"about":[{"href":"https:\/\/fmuniversidad.com\/web\/wp-json\/wp\/v2\/types\/post"}],"author":[{"embeddable":true,"href":"https:\/\/fmuniversidad.com\/web\/wp-json\/wp\/v2\/users\/3"}],"replies":[{"embeddable":true,"href":"https:\/\/fmuniversidad.com\/web\/wp-json\/wp\/v2\/comments?post=4083"}],"version-history":[{"count":4,"href":"https:\/\/fmuniversidad.com\/web\/wp-json\/wp\/v2\/posts\/4083\/revisions"}],"predecessor-version":[{"id":4089,"href":"https:\/\/fmuniversidad.com\/web\/wp-json\/wp\/v2\/posts\/4083\/revisions\/4089"}],"wp:featuredmedia":[{"embeddable":true,"href":"https:\/\/fmuniversidad.com\/web\/wp-json\/wp\/v2\/media\/4087"}],"wp:attachment":[{"href":"https:\/\/fmuniversidad.com\/web\/wp-json\/wp\/v2\/media?parent=4083"}],"wp:term":[{"taxonomy":"category","embeddable":true,"href":"https:\/\/fmuniversidad.com\/web\/wp-json\/wp\/v2\/categories?post=4083"},{"taxonomy":"post_tag","embeddable":true,"href":"https:\/\/fmuniversidad.com\/web\/wp-json\/wp\/v2\/tags?post=4083"}],"curies":[{"name":"wp","href":"https:\/\/api.w.org\/{rel}","templated":true}]}}