{"id":3934,"date":"2021-07-02T22:59:21","date_gmt":"2021-07-02T22:59:21","guid":{"rendered":"https:\/\/fmuniversidad.com\/web\/?p=3934"},"modified":"2021-07-02T23:02:55","modified_gmt":"2021-07-02T23:02:55","slug":"mosaico-con-voz-convocatoria-abierta","status":"publish","type":"post","link":"https:\/\/fmuniversidad.com\/web\/mosaico-con-voz-convocatoria-abierta\/","title":{"rendered":"Mosaico con Voz: convocatoria abierta"},"content":{"rendered":"<p><b>Se lanz\u00f3 la convocatoria provincial\u00a0Mosaico con Voz destinada a j\u00f3venes, con el objetivo de producir podcasts\u00a0con un repertorio\u00a0especifico\u00a0de\u00a0tem\u00e1ticas. Para hablar sobre ello estuvo en comunicaci\u00f3n\u00a0con FM Universidad\u00a0Alfonsina Fern\u00e1ndez, integrante del portal educativo Aprender.<\/b><\/p>\n<p>Este 2021 es la segunda edici\u00f3n de la convocatoria, y en esta oportunidad es organizada conjuntamente por el portal Aprender y\u00a0LT14 Radio Nacional General Urquiza.<\/p>\n<p>Fern\u00e1ndez coment\u00f3 que la idea es que los j\u00f3venes puedan producir una pieza radiof\u00f3nica con una tem\u00e1tica que los interpelas, y que desde el Consejo General de Educaci\u00f3n (CGE), entienden que tienen una opini\u00f3n formada, ellos son: la\u00a0Educaci\u00f3n Sexual Integral, el\u00a0Ambiente, la\u00a0Salud Mental\u00a0y la\u00a0Discapacidad.<\/p>\n<p>Mosaico con voz es una convocatoria que se lanz\u00f3 por primera vez en el 2020, en esa oportunidad a lo que se apunt\u00f3, coment\u00f3 la entrevistada, fue a un p\u00fablico en general, si bien participaron muchos estudiantes. En esa ocasi\u00f3n lo que motiv\u00f3 la propuesta fue la situaci\u00f3n por la cual se estaba atravesando socialmente, y se llam\u00f3 Memorias de las pandemia, y en esa ocasi\u00f3n el formato era opcional entre: fotograf\u00eda, video y relato breve.<\/p>\n<p>Los premios para los ganadores de la convocatoria 2021 son donados por\u00a0IAPSER Seguros y por el Instituto Becario Provincial. El primero y segundo premio son una notebook y una bicicleta, y el tercer premio es una Tablet.<\/p>\n<p>La convocatoria est\u00e1 destinada a adolescentes y j\u00f3venes de Entre R\u00edos que tengan entre 12 y 18 a\u00f1os. Y el jurado evaluador estar\u00e1 conformado por representantes de las entidades participantes.<\/p>\n<p>Las producciones se est\u00e1n recibiendo desde 22 de junio y tiene tiempo hasta el 10 de septiembre.<\/p>\n<p><em>Escuch\u00e1 la nota completa:<\/em><\/p>\n<p>&nbsp;<\/p>\n<!--[if lt IE 9]><script>document.createElement('audio');<\/script><![endif]-->\n<audio class=\"wp-audio-shortcode\" id=\"audio-3934-1\" preload=\"none\" style=\"width: 100%;\" controls=\"controls\"><source type=\"audio\/mpeg\" src=\"https:\/\/fmuniversidad.com\/web\/wp-content\/uploads\/2021\/07\/PTO_02_07_21_ALFONSINA_APRENDER_CGE_APRENDER_CONVOCATORIA.mp3?_=1\" \/><a href=\"https:\/\/fmuniversidad.com\/web\/wp-content\/uploads\/2021\/07\/PTO_02_07_21_ALFONSINA_APRENDER_CGE_APRENDER_CONVOCATORIA.mp3\">https:\/\/fmuniversidad.com\/web\/wp-content\/uploads\/2021\/07\/PTO_02_07_21_ALFONSINA_APRENDER_CGE_APRENDER_CONVOCATORIA.mp3<\/a><\/audio>\n<p>&nbsp;<\/p>\n<p>&nbsp;<\/p>\n","protected":false},"excerpt":{"rendered":"<div class=\"mh-excerpt\"><p>Se lanz\u00f3 la convocatoria provincial\u00a0Mosaico con Voz destinada a j\u00f3venes, con el objetivo de producir podcasts\u00a0con un repertorio\u00a0especifico\u00a0de\u00a0tem\u00e1ticas. Para hablar sobre ello estuvo en comunicaci\u00f3n\u00a0con <a class=\"mh-excerpt-more\" href=\"https:\/\/fmuniversidad.com\/web\/mosaico-con-voz-convocatoria-abierta\/\" title=\"Mosaico con Voz: convocatoria abierta\">[&#8230;]<\/a><\/p>\n<\/div>","protected":false},"author":3,"featured_media":3936,"comment_status":"closed","ping_status":"open","sticky":false,"template":"","format":"standard","meta":{"footnotes":""},"categories":[4],"tags":[593],"_links":{"self":[{"href":"https:\/\/fmuniversidad.com\/web\/wp-json\/wp\/v2\/posts\/3934"}],"collection":[{"href":"https:\/\/fmuniversidad.com\/web\/wp-json\/wp\/v2\/posts"}],"about":[{"href":"https:\/\/fmuniversidad.com\/web\/wp-json\/wp\/v2\/types\/post"}],"author":[{"embeddable":true,"href":"https:\/\/fmuniversidad.com\/web\/wp-json\/wp\/v2\/users\/3"}],"replies":[{"embeddable":true,"href":"https:\/\/fmuniversidad.com\/web\/wp-json\/wp\/v2\/comments?post=3934"}],"version-history":[{"count":3,"href":"https:\/\/fmuniversidad.com\/web\/wp-json\/wp\/v2\/posts\/3934\/revisions"}],"predecessor-version":[{"id":3939,"href":"https:\/\/fmuniversidad.com\/web\/wp-json\/wp\/v2\/posts\/3934\/revisions\/3939"}],"wp:featuredmedia":[{"embeddable":true,"href":"https:\/\/fmuniversidad.com\/web\/wp-json\/wp\/v2\/media\/3936"}],"wp:attachment":[{"href":"https:\/\/fmuniversidad.com\/web\/wp-json\/wp\/v2\/media?parent=3934"}],"wp:term":[{"taxonomy":"category","embeddable":true,"href":"https:\/\/fmuniversidad.com\/web\/wp-json\/wp\/v2\/categories?post=3934"},{"taxonomy":"post_tag","embeddable":true,"href":"https:\/\/fmuniversidad.com\/web\/wp-json\/wp\/v2\/tags?post=3934"}],"curies":[{"name":"wp","href":"https:\/\/api.w.org\/{rel}","templated":true}]}}