{"id":390,"date":"2019-01-18T17:39:39","date_gmt":"2019-01-18T17:39:39","guid":{"rendered":"https:\/\/fmuniversidad.com\/web\/?p=390"},"modified":"2019-01-18T18:12:19","modified_gmt":"2019-01-18T18:12:19","slug":"horarios-de-atencion-de-la-utn-parana","status":"publish","type":"post","link":"https:\/\/fmuniversidad.com\/web\/horarios-de-atencion-de-la-utn-parana\/","title":{"rendered":"Horarios de atenci\u00f3n de la UTN Paran\u00e1"},"content":{"rendered":"<p>La Facultad Regional Paran\u00e1 de la UTN informa que, desde el 21 de enero hasta el 22 de febrero, la atenci\u00f3n al p\u00fablico ser\u00e1 de 14 a 21 horas.<\/p>\n<p>Por su parte, la Direcci\u00f3n de Acci\u00f3n Social de la Universidad Tecnol\u00f3gica Nacional (Dasuten), permanecer\u00e1 abierta, entre el 26 de diciembre y el 20 de enero, entre las 8 y las 13 horas. Mientras que a partir del 21 de enero, retomar\u00e1 el horario vespertino, desde las 14 hasta las 20.30 horas.<\/p>\n","protected":false},"excerpt":{"rendered":"<div class=\"mh-excerpt\"><p>La Facultad Regional Paran\u00e1 de la UTN informa que, desde el 21 de enero hasta el 22 de febrero, la atenci\u00f3n al p\u00fablico ser\u00e1 de <a class=\"mh-excerpt-more\" href=\"https:\/\/fmuniversidad.com\/web\/horarios-de-atencion-de-la-utn-parana\/\" title=\"Horarios de atenci\u00f3n de la UTN Paran\u00e1\">[&#8230;]<\/a><\/p>\n<\/div>","protected":false},"author":3,"featured_media":391,"comment_status":"closed","ping_status":"open","sticky":false,"template":"","format":"standard","meta":{"footnotes":""},"categories":[3],"tags":[],"_links":{"self":[{"href":"https:\/\/fmuniversidad.com\/web\/wp-json\/wp\/v2\/posts\/390"}],"collection":[{"href":"https:\/\/fmuniversidad.com\/web\/wp-json\/wp\/v2\/posts"}],"about":[{"href":"https:\/\/fmuniversidad.com\/web\/wp-json\/wp\/v2\/types\/post"}],"author":[{"embeddable":true,"href":"https:\/\/fmuniversidad.com\/web\/wp-json\/wp\/v2\/users\/3"}],"replies":[{"embeddable":true,"href":"https:\/\/fmuniversidad.com\/web\/wp-json\/wp\/v2\/comments?post=390"}],"version-history":[{"count":1,"href":"https:\/\/fmuniversidad.com\/web\/wp-json\/wp\/v2\/posts\/390\/revisions"}],"predecessor-version":[{"id":392,"href":"https:\/\/fmuniversidad.com\/web\/wp-json\/wp\/v2\/posts\/390\/revisions\/392"}],"wp:featuredmedia":[{"embeddable":true,"href":"https:\/\/fmuniversidad.com\/web\/wp-json\/wp\/v2\/media\/391"}],"wp:attachment":[{"href":"https:\/\/fmuniversidad.com\/web\/wp-json\/wp\/v2\/media?parent=390"}],"wp:term":[{"taxonomy":"category","embeddable":true,"href":"https:\/\/fmuniversidad.com\/web\/wp-json\/wp\/v2\/categories?post=390"},{"taxonomy":"post_tag","embeddable":true,"href":"https:\/\/fmuniversidad.com\/web\/wp-json\/wp\/v2\/tags?post=390"}],"curies":[{"name":"wp","href":"https:\/\/api.w.org\/{rel}","templated":true}]}}