{"id":368,"date":"2019-01-03T19:35:15","date_gmt":"2019-01-03T19:35:15","guid":{"rendered":"https:\/\/fmuniversidad.com\/web\/?p=368"},"modified":"2019-01-03T19:35:15","modified_gmt":"2019-01-03T19:35:15","slug":"pablo-markocich-referente-del-festival-de-diamante","status":"publish","type":"post","link":"https:\/\/fmuniversidad.com\/web\/pablo-markocich-referente-del-festival-de-diamante\/","title":{"rendered":"Pablo Markocich referente del Festival de Diamante"},"content":{"rendered":"<p>El equipo de<strong> Siempre hay m\u00fasica<\/strong> se contact\u00f3 con <strong>Pablo Markocich<\/strong>, referente del festival de Diamante. En la entrevista llevada a cabo por <strong>Wilton Os\u00e1n<\/strong> se recorrieron distintos t\u00f3picos: sobe el festival, la cultura y el turismo regional. Adem\u00e1s se hizo una especial menci\u00f3n sobre el problema de las barrancas, situaci\u00f3n preocupante, para todos.<\/p>\n<p><strong>Grilla art\u00edstica del\u00a0Festival Nacional de Jineteada y Folclore de Diamante<\/strong><br \/>\nConducci\u00f3n: Pablo Markocich &#8211; Carolina Dum\u00e9<\/p>\n<p><strong>Jueves 3 de enero<\/strong><br \/>\nBanda Municipal \u201cTambor de Tacuar\u00ed\u201d<br \/>\nTaller Municipal de Folclore \u201cEmovere\u201d<br \/>\nEscuela de M\u00fasica \u201cPlaying for Change\u201d<br \/>\nGanador Pre Diamante<br \/>\nLos Chamarriteros<br \/>\nSue\u00f1os del Norte<br \/>\nGrupo de Baile \u201cRa\u00edces Alemanas\u201d<br \/>\nYacar\u00e9 Manso<br \/>\nPadularrosa Romero y Terru\u00f1eros<\/p>\n<p><strong>Viernes 4 de enero<\/strong><br \/>\nGanador Pre Diamante<br \/>\nCacho Garay<br \/>\nRub\u00e9n Gim\u00e9nez<br \/>\nMajestuosos del Chamame<br \/>\n<strong>Facundo Toro<\/strong><\/p>\n<p><strong>S\u00e1bado 5 de enero<\/strong><br \/>\nBallet \u201cDiamante Baila\u201d<br \/>\nElecci\u00f3n de la Paisana Nacional<br \/>\nLas Voces de Montiel<br \/>\nLos del Gualeyan<br \/>\nPablo Spinetti y Los del Tuy\u00fa<br \/>\nLos Saraluce\u00f1os<br \/>\n<strong>Jairo<\/strong><\/p>\n<p><strong>Domingo 6 de enero<\/strong><br \/>\nGanador Pre Diamante<br \/>\nMujeres del Litoral<br \/>\nLeandro Olguin<br \/>\nLos Tata del Chamame<br \/>\nTolato Trio<br \/>\n<strong>Los Nocheros<\/strong><\/p>\n<p><strong>Lunes 7 de enero<\/strong><br \/>\nFinal de Jineteada<br \/>\nBallet \u201cDiamante Baila\u201d<br \/>\nGanador del Pre Diamante<br \/>\nMonchito Merlo<br \/>\n<strong>Los TEKIS<\/strong><\/p>\n<p>Debajo la entrevista completa:<\/p>\n<p><iframe loading=\"lazy\" src=\"http:\/\/kiwi6.com\/tracks\/widget\/4eetwt4jxe\" width=\"100%\" height=\"96\" frameborder=\"no\" scrolling=\"no\"><\/iframe><\/p>\n<p>&nbsp;<\/p>\n","protected":false},"excerpt":{"rendered":"<div class=\"mh-excerpt\"><p>El equipo de Siempre hay m\u00fasica se contact\u00f3 con Pablo Markocich, referente del festival de Diamante. En la entrevista llevada a cabo por Wilton Os\u00e1n <a class=\"mh-excerpt-more\" href=\"https:\/\/fmuniversidad.com\/web\/pablo-markocich-referente-del-festival-de-diamante\/\" title=\"Pablo Markocich referente del Festival de Diamante\">[&#8230;]<\/a><\/p>\n<\/div>","protected":false},"author":3,"featured_media":369,"comment_status":"closed","ping_status":"open","sticky":false,"template":"","format":"standard","meta":{"footnotes":""},"categories":[4],"tags":[],"_links":{"self":[{"href":"https:\/\/fmuniversidad.com\/web\/wp-json\/wp\/v2\/posts\/368"}],"collection":[{"href":"https:\/\/fmuniversidad.com\/web\/wp-json\/wp\/v2\/posts"}],"about":[{"href":"https:\/\/fmuniversidad.com\/web\/wp-json\/wp\/v2\/types\/post"}],"author":[{"embeddable":true,"href":"https:\/\/fmuniversidad.com\/web\/wp-json\/wp\/v2\/users\/3"}],"replies":[{"embeddable":true,"href":"https:\/\/fmuniversidad.com\/web\/wp-json\/wp\/v2\/comments?post=368"}],"version-history":[{"count":1,"href":"https:\/\/fmuniversidad.com\/web\/wp-json\/wp\/v2\/posts\/368\/revisions"}],"predecessor-version":[{"id":370,"href":"https:\/\/fmuniversidad.com\/web\/wp-json\/wp\/v2\/posts\/368\/revisions\/370"}],"wp:featuredmedia":[{"embeddable":true,"href":"https:\/\/fmuniversidad.com\/web\/wp-json\/wp\/v2\/media\/369"}],"wp:attachment":[{"href":"https:\/\/fmuniversidad.com\/web\/wp-json\/wp\/v2\/media?parent=368"}],"wp:term":[{"taxonomy":"category","embeddable":true,"href":"https:\/\/fmuniversidad.com\/web\/wp-json\/wp\/v2\/categories?post=368"},{"taxonomy":"post_tag","embeddable":true,"href":"https:\/\/fmuniversidad.com\/web\/wp-json\/wp\/v2\/tags?post=368"}],"curies":[{"name":"wp","href":"https:\/\/api.w.org\/{rel}","templated":true}]}}