{"id":360,"date":"2019-01-03T17:42:04","date_gmt":"2019-01-03T17:42:04","guid":{"rendered":"https:\/\/fmuniversidad.com\/web\/?p=360"},"modified":"2019-01-03T17:42:04","modified_gmt":"2019-01-03T17:42:04","slug":"tendra-continuidad-el-programa-nexos-en-utn-parana","status":"publish","type":"post","link":"https:\/\/fmuniversidad.com\/web\/tendra-continuidad-el-programa-nexos-en-utn-parana\/","title":{"rendered":"Tendr\u00e1 continuidad el programa Nexos en UTN Paran\u00e1"},"content":{"rendered":"<p><a href=\"http:\/\/www.frp.utn.edu.ar\/info2\/?author=12\" data-slimstat=\"5\">PrensaFRP<\/a><\/p>\n<p>La<strong> Facultad Regional Paran\u00e1<\/strong> de la <strong>UTN<\/strong> seguir\u00e1 su actividad en el programa \u201cNexo: articulaci\u00f3n y cooperaci\u00f3n educativa\u201d, que impulsa el Ministerio de Educaci\u00f3n, Cultura, Ciencia y Tecnolog\u00eda de la Naci\u00f3n y que en la provincia articula el Consejo General de Educaci\u00f3n.<\/p>\n<p>El decano de esta casa de estudios, Alejandro Carrere, ya fue notificado de la resoluci\u00f3n correspondiente que le da continuidad a la labor que la UTN Paran\u00e1 desarroll\u00f3 a lo largo de 2018, a trav\u00e9s de capacitaciones docentes, visitas a escuelas y recepci\u00f3n de delegaciones de estudiantes en la sede de Almafuerte 1033, entre otras actividades.<\/p>\n<p>Durante todo el a\u00f1o, la facultad trabaj\u00f3 en el marco de \u201cNexos\u201d, concluyendo en el mes de octubre la capacitaci\u00f3n docente \u201cArticulaci\u00f3n entre escuela secundaria y universidad: aproximaci\u00f3n de los contenidos en los NAP a las expectativas de egreso de la secundaria y las demandas de ingreso a la universidad\u201d.<\/p>\n<p>Del mismo modo, durante todo el ciclo, profesionales de la UTN Paran\u00e1 visitaron escuelas secundarias planteando la oferta educativa de esta regional, as\u00ed como tambi\u00e9n se recibieron visitas en la facultad, realizando charlas informativas y recorridas por laboratorios.<\/p>\n<p>En 2019, esta casa de estudios seguir\u00e1 desarrollando sus potencialidades en Nexos, con una orientaci\u00f3n definida a partir de un acuerdo espec\u00edfico con La Direcci\u00f3n de Educaci\u00f3n Superior del CGE. En ese sentido, el texto de ese acuerdo afirma que ambas partes \u201cse comprometen a aunar esfuerzos orientados al desarrollo de acciones que permitan facilitar el tr\u00e1nsito de los estudiantes entre los niveles secundario y universitario y evitar la deserci\u00f3n en el primer a\u00f1o de las carreras en la Universidad P\u00fablica, fomentando un trabajo pedag\u00f3gico inter-nivel e interdisciplinario que posibilite una visi\u00f3n integral de la formaci\u00f3n, y promueva el desarrollo de competencias transversales en los estudiantes que favorezcan el traspaso entre niveles educativos\u201d.<\/p>\n<p>En ese marco, la facultad se compromete a garantizar la prioridad de la tem\u00e1tica de la integraci\u00f3n y articulaci\u00f3n del sistema educativo con participaci\u00f3n de los distintos actores involucrados en la jurisdicci\u00f3n y su pol\u00edtica educativa. Como as\u00ed tambi\u00e9n potenciar la divulgaci\u00f3n de experiencias, el intercambio de recursos y la realizaci\u00f3n de pr\u00e1cticas integradas entre las escuelas destinatarias del proyecto y la Universidad; producir materiales de difusi\u00f3n sobre las carreras y de los instrumentos de acompa\u00f1amiento para la continuidad de estudios en la educaci\u00f3n universitaria para estudiantes de las escuelas destinatarias del proyecto, entre otras.<\/p>\n","protected":false},"excerpt":{"rendered":"<div class=\"mh-excerpt\"><p>PrensaFRP La Facultad Regional Paran\u00e1 de la UTN seguir\u00e1 su actividad en el programa \u201cNexo: articulaci\u00f3n y cooperaci\u00f3n educativa\u201d, que impulsa el Ministerio de Educaci\u00f3n, <a class=\"mh-excerpt-more\" href=\"https:\/\/fmuniversidad.com\/web\/tendra-continuidad-el-programa-nexos-en-utn-parana\/\" title=\"Tendr\u00e1 continuidad el programa Nexos en UTN Paran\u00e1\">[&#8230;]<\/a><\/p>\n<\/div>","protected":false},"author":3,"featured_media":361,"comment_status":"closed","ping_status":"open","sticky":false,"template":"","format":"standard","meta":{"footnotes":""},"categories":[3],"tags":[],"_links":{"self":[{"href":"https:\/\/fmuniversidad.com\/web\/wp-json\/wp\/v2\/posts\/360"}],"collection":[{"href":"https:\/\/fmuniversidad.com\/web\/wp-json\/wp\/v2\/posts"}],"about":[{"href":"https:\/\/fmuniversidad.com\/web\/wp-json\/wp\/v2\/types\/post"}],"author":[{"embeddable":true,"href":"https:\/\/fmuniversidad.com\/web\/wp-json\/wp\/v2\/users\/3"}],"replies":[{"embeddable":true,"href":"https:\/\/fmuniversidad.com\/web\/wp-json\/wp\/v2\/comments?post=360"}],"version-history":[{"count":1,"href":"https:\/\/fmuniversidad.com\/web\/wp-json\/wp\/v2\/posts\/360\/revisions"}],"predecessor-version":[{"id":362,"href":"https:\/\/fmuniversidad.com\/web\/wp-json\/wp\/v2\/posts\/360\/revisions\/362"}],"wp:featuredmedia":[{"embeddable":true,"href":"https:\/\/fmuniversidad.com\/web\/wp-json\/wp\/v2\/media\/361"}],"wp:attachment":[{"href":"https:\/\/fmuniversidad.com\/web\/wp-json\/wp\/v2\/media?parent=360"}],"wp:term":[{"taxonomy":"category","embeddable":true,"href":"https:\/\/fmuniversidad.com\/web\/wp-json\/wp\/v2\/categories?post=360"},{"taxonomy":"post_tag","embeddable":true,"href":"https:\/\/fmuniversidad.com\/web\/wp-json\/wp\/v2\/tags?post=360"}],"curies":[{"name":"wp","href":"https:\/\/api.w.org\/{rel}","templated":true}]}}