{"id":262,"date":"2018-11-29T18:56:38","date_gmt":"2018-11-29T18:56:38","guid":{"rendered":"https:\/\/fmuniversidad.com\/web\/?p=262"},"modified":"2018-11-29T19:01:11","modified_gmt":"2018-11-29T19:01:11","slug":"estudiantes-secundarios-participaron-del-desafio-eco-ypf","status":"publish","type":"post","link":"https:\/\/fmuniversidad.com\/web\/estudiantes-secundarios-participaron-del-desafio-eco-ypf\/","title":{"rendered":"Estudiantes secundarios participaron del Desaf\u00edo Eco YPF"},"content":{"rendered":"<p><strong>Maricel Sattler<\/strong> se comunic\u00f3 telef\u00f3nicamente con el profesor <strong>Sebasti\u00e1n Alegre<\/strong>, uno de los docentes que particip\u00f3 del proyecto Desaf\u00edo Eco YPF junto a otros docentes y alumnos de la <strong>Escuela de Educaci\u00f3n T\u00e9cnica N\u00b01 Francisco Ram\u00edrez<\/strong> de Paran\u00e1.<\/p>\n<p>Los estudiantes construyeron un auto el\u00e9ctrico y el 17 de noviembre compitieron en el aut\u00f3dromo de Buenos Aires 6 de ellos: 3 pilotos, 2 mec\u00e1nicos y 1 jefe de equipo.<\/p>\n<p>En la entrevista de\u00a0<strong>La ma\u00f1ana de Universidad<\/strong>\u00a0el profesor Alegre expres\u00f3 los detalles de la preparaci\u00f3n del auto con los alumnos del 4\u00b0 al\u00a0 7\u00b0 a\u00f1o de la instituci\u00f3n educativa y tambi\u00e9n nos coment\u00f3 sobre la experiencia de la competencia.<\/p>\n<p><iframe loading=\"lazy\" src=\"https:\/\/w.soundcloud.com\/player\/?url=https%3A\/\/api.soundcloud.com\/tracks\/537354978&amp;color=%23ff5500&amp;auto_play=false&amp;hide_related=false&amp;show_comments=true&amp;show_user=true&amp;show_reposts=false&amp;show_teaser=true&amp;visual=true\" width=\"100%\" height=\"300\" frameborder=\"no\" scrolling=\"no\"><\/iframe><\/p>\n","protected":false},"excerpt":{"rendered":"<div class=\"mh-excerpt\"><p>Maricel Sattler se comunic\u00f3 telef\u00f3nicamente con el profesor Sebasti\u00e1n Alegre, uno de los docentes que particip\u00f3 del proyecto Desaf\u00edo Eco YPF junto a otros docentes <a class=\"mh-excerpt-more\" href=\"https:\/\/fmuniversidad.com\/web\/estudiantes-secundarios-participaron-del-desafio-eco-ypf\/\" title=\"Estudiantes secundarios participaron del Desaf\u00edo Eco YPF\">[&#8230;]<\/a><\/p>\n<\/div>","protected":false},"author":3,"featured_media":263,"comment_status":"closed","ping_status":"open","sticky":false,"template":"","format":"standard","meta":{"footnotes":""},"categories":[4],"tags":[],"_links":{"self":[{"href":"https:\/\/fmuniversidad.com\/web\/wp-json\/wp\/v2\/posts\/262"}],"collection":[{"href":"https:\/\/fmuniversidad.com\/web\/wp-json\/wp\/v2\/posts"}],"about":[{"href":"https:\/\/fmuniversidad.com\/web\/wp-json\/wp\/v2\/types\/post"}],"author":[{"embeddable":true,"href":"https:\/\/fmuniversidad.com\/web\/wp-json\/wp\/v2\/users\/3"}],"replies":[{"embeddable":true,"href":"https:\/\/fmuniversidad.com\/web\/wp-json\/wp\/v2\/comments?post=262"}],"version-history":[{"count":3,"href":"https:\/\/fmuniversidad.com\/web\/wp-json\/wp\/v2\/posts\/262\/revisions"}],"predecessor-version":[{"id":267,"href":"https:\/\/fmuniversidad.com\/web\/wp-json\/wp\/v2\/posts\/262\/revisions\/267"}],"wp:featuredmedia":[{"embeddable":true,"href":"https:\/\/fmuniversidad.com\/web\/wp-json\/wp\/v2\/media\/263"}],"wp:attachment":[{"href":"https:\/\/fmuniversidad.com\/web\/wp-json\/wp\/v2\/media?parent=262"}],"wp:term":[{"taxonomy":"category","embeddable":true,"href":"https:\/\/fmuniversidad.com\/web\/wp-json\/wp\/v2\/categories?post=262"},{"taxonomy":"post_tag","embeddable":true,"href":"https:\/\/fmuniversidad.com\/web\/wp-json\/wp\/v2\/tags?post=262"}],"curies":[{"name":"wp","href":"https:\/\/api.w.org\/{rel}","templated":true}]}}