{"id":243,"date":"2018-11-27T17:40:26","date_gmt":"2018-11-27T17:40:26","guid":{"rendered":"https:\/\/fmuniversidad.com\/web\/?p=243"},"modified":"2018-11-27T19:10:47","modified_gmt":"2018-11-27T19:10:47","slug":"tripulantes-del-ara-san-juan-pertenecian-a-la-utn","status":"publish","type":"post","link":"https:\/\/fmuniversidad.com\/web\/tripulantes-del-ara-san-juan-pertenecian-a-la-utn\/","title":{"rendered":"Tripulantes del ARA San Juan pertenec\u00edan a la UTN"},"content":{"rendered":"<p><strong>Estudiantes de la UTN<\/strong> formaban parte de la tripulaci\u00f3n del <strong>submarino ARA San Juan<\/strong>\u00a0hallado el pasado domingo 11 de noviembre. Dos tripulantes pertenec\u00edan a la Regional Bah\u00eda Blanca: el Teniente de fragata <strong>Adri\u00e1n Zunda Meoqui<\/strong>, estudiante de ingeniera mec\u00e1nica y civil, y el teniente de corbeta <strong>Alejandro Dami\u00e1n Tagliaprieta<\/strong>, estudiante de ingenier\u00eda mec\u00e1nica. Otros dos tripulantes eran de la comunidad educativa de la Regional Mar del Plata:\u00a0cabos principales <strong>Alberto Ramiro Arjona<\/strong> de ingenieria naval y <strong>Luis Alberto Niz<\/strong> de reparaci\u00f3n de PC.<\/p>\n<p>En esta ocasi\u00f3n <strong>Maricel Sattler<\/strong> se comunic\u00f3 con el <strong>decano de la UTN Regional Bah\u00eda Blanca<\/strong>, el ingeniero<strong> Liberto Ercoli<\/strong>.<\/p>\n<p><iframe loading=\"lazy\" src=\"https:\/\/w.soundcloud.com\/player\/?url=https%3A\/\/api.soundcloud.com\/tracks\/536296263&amp;color=%23ff5500&amp;auto_play=false&amp;hide_related=false&amp;show_comments=true&amp;show_user=true&amp;show_reposts=false&amp;show_teaser=true&amp;visual=true\" width=\"100%\" height=\"300\" frameborder=\"no\" scrolling=\"no\"><\/iframe><\/p>\n","protected":false},"excerpt":{"rendered":"<div class=\"mh-excerpt\"><p>Estudiantes de la UTN formaban parte de la tripulaci\u00f3n del submarino ARA San Juan\u00a0hallado el pasado domingo 11 de noviembre. Dos tripulantes pertenec\u00edan a la <a class=\"mh-excerpt-more\" href=\"https:\/\/fmuniversidad.com\/web\/tripulantes-del-ara-san-juan-pertenecian-a-la-utn\/\" title=\"Tripulantes del ARA San Juan pertenec\u00edan a la UTN\">[&#8230;]<\/a><\/p>\n<\/div>","protected":false},"author":3,"featured_media":244,"comment_status":"closed","ping_status":"open","sticky":false,"template":"","format":"standard","meta":{"footnotes":""},"categories":[3,4],"tags":[],"_links":{"self":[{"href":"https:\/\/fmuniversidad.com\/web\/wp-json\/wp\/v2\/posts\/243"}],"collection":[{"href":"https:\/\/fmuniversidad.com\/web\/wp-json\/wp\/v2\/posts"}],"about":[{"href":"https:\/\/fmuniversidad.com\/web\/wp-json\/wp\/v2\/types\/post"}],"author":[{"embeddable":true,"href":"https:\/\/fmuniversidad.com\/web\/wp-json\/wp\/v2\/users\/3"}],"replies":[{"embeddable":true,"href":"https:\/\/fmuniversidad.com\/web\/wp-json\/wp\/v2\/comments?post=243"}],"version-history":[{"count":3,"href":"https:\/\/fmuniversidad.com\/web\/wp-json\/wp\/v2\/posts\/243\/revisions"}],"predecessor-version":[{"id":255,"href":"https:\/\/fmuniversidad.com\/web\/wp-json\/wp\/v2\/posts\/243\/revisions\/255"}],"wp:featuredmedia":[{"embeddable":true,"href":"https:\/\/fmuniversidad.com\/web\/wp-json\/wp\/v2\/media\/244"}],"wp:attachment":[{"href":"https:\/\/fmuniversidad.com\/web\/wp-json\/wp\/v2\/media?parent=243"}],"wp:term":[{"taxonomy":"category","embeddable":true,"href":"https:\/\/fmuniversidad.com\/web\/wp-json\/wp\/v2\/categories?post=243"},{"taxonomy":"post_tag","embeddable":true,"href":"https:\/\/fmuniversidad.com\/web\/wp-json\/wp\/v2\/tags?post=243"}],"curies":[{"name":"wp","href":"https:\/\/api.w.org\/{rel}","templated":true}]}}