{"id":1678,"date":"2020-03-25T18:46:27","date_gmt":"2020-03-25T18:46:27","guid":{"rendered":"https:\/\/fmuniversidad.com\/web\/?p=1678"},"modified":"2020-03-25T19:05:40","modified_gmt":"2020-03-25T19:05:40","slug":"panorama-educativo-de-la-utn-parana-en-medio-de-la-pandemia","status":"publish","type":"post","link":"https:\/\/fmuniversidad.com\/web\/panorama-educativo-de-la-utn-parana-en-medio-de-la-pandemia\/","title":{"rendered":"Conoc\u00e9 el panorama educativo actual de la UTN Paran\u00e1"},"content":{"rendered":"<p><strong>La UTN Paran\u00e1 resolvi\u00f3 el \u00a0cese de actividades acad\u00e9micas presenciales y la reducci\u00f3n a guardias m\u00ednimas en el \u00e1rea administrativa, en el marco de las medidas adoptadas por el Poder Ejecutivo Nacional,\u00a0por medio del Decreto 297\/2020: Aislamiento Social Preventivo y Obligatorio, en fin de mitigar el avance de la pandemia del COVID 19.<\/strong><\/p>\n<p><strong>Maricel Sattler,<\/strong> para La hora tecnol\u00f3gica, estuvo en comunicaci\u00f3n con la Secretaria Acad\u00e9mica, <strong>Alicia Geminiani<\/strong> y la representante del Centro de Estudiantes, <strong>Gabriela Rios<\/strong>, para conocer acerca de las modalidades adoptadas por los profesores y estudiantes.<\/p>\n<p>En este sentido, Geminiani y Rios, nos comentaron acerca de la modalidad virtual, que comenz\u00f3 a implementarse, de manera inmediata, por medio del campus de la Universidad como as\u00ed tambi\u00e9n por otras plataformas como Zoom.<\/p>\n<p>La secretaria acad\u00e9mica, destac\u00f3 la dedicaci\u00f3n de los docentes que han creado distintos canales de comunicaci\u00f3n con un alto compromiso en la perspectiva educativa. En este sentido se\u00f1al\u00f3: \u00abEsperamos que esta situaci\u00f3n, que es absolutamente excepcional y temporal, nos resulta m\u00e1s que una amenaza una oportunidad para que todos los docentes incorporemos desde nuestras planificaciones nuevos recursos para trabajar en nuestras clases\u00bb. Seguidamente, tambi\u00e9n reconoci\u00f3 el trabajo de los no docentes, ya que ha sido fundamental su intervenci\u00f3n.<\/p>\n<p>La presidenta del Centro de Estudiantes, por su parte, indic\u00f3 que est\u00e1n llevado un trabajo de acompa\u00f1amiento desde las redes sociales, ya que es la v\u00eda mas acertada en este momento. Adem\u00e1s, agreg\u00f3, no hay ning\u00fan tramite urgente, por parte de los y las estudiantes, por lo que debieran asistir a las instalaciones de la facultad.<\/p>\n<p>&nbsp;<\/p>\n<p><strong><em>Escuch\u00e1 los audios completos aqu\u00ed:<\/em><\/strong><\/p>\n<p>&nbsp;<\/p>\n<!--[if lt IE 9]><script>document.createElement('audio');<\/script><![endif]-->\n<audio class=\"wp-audio-shortcode\" id=\"audio-1678-1\" preload=\"none\" style=\"width: 100%;\" controls=\"controls\"><source type=\"audio\/mpeg\" src=\"https:\/\/fmuniversidad.com\/web\/wp-content\/uploads\/2020\/03\/Ing.-Alicia-Geminiani.mp3?_=1\" \/><a href=\"https:\/\/fmuniversidad.com\/web\/wp-content\/uploads\/2020\/03\/Ing.-Alicia-Geminiani.mp3\">https:\/\/fmuniversidad.com\/web\/wp-content\/uploads\/2020\/03\/Ing.-Alicia-Geminiani.mp3<\/a><\/audio>\n<audio class=\"wp-audio-shortcode\" id=\"audio-1678-2\" preload=\"none\" style=\"width: 100%;\" controls=\"controls\"><source type=\"audio\/mpeg\" src=\"https:\/\/fmuniversidad.com\/web\/wp-content\/uploads\/2020\/03\/Gabriela-Rios.mp3?_=2\" \/><a href=\"https:\/\/fmuniversidad.com\/web\/wp-content\/uploads\/2020\/03\/Gabriela-Rios.mp3\">https:\/\/fmuniversidad.com\/web\/wp-content\/uploads\/2020\/03\/Gabriela-Rios.mp3<\/a><\/audio>\n<h1><\/h1>\n","protected":false},"excerpt":{"rendered":"<div class=\"mh-excerpt\"><p>La UTN Paran\u00e1 resolvi\u00f3 el \u00a0cese de actividades acad\u00e9micas presenciales y la reducci\u00f3n a guardias m\u00ednimas en el \u00e1rea administrativa, en el marco de las <a class=\"mh-excerpt-more\" href=\"https:\/\/fmuniversidad.com\/web\/panorama-educativo-de-la-utn-parana-en-medio-de-la-pandemia\/\" title=\"Conoc\u00e9 el panorama educativo actual de la UTN Paran\u00e1\">[&#8230;]<\/a><\/p>\n<\/div>","protected":false},"author":3,"featured_media":1681,"comment_status":"closed","ping_status":"open","sticky":false,"template":"","format":"standard","meta":{"footnotes":""},"categories":[3,4],"tags":[41,40,9,11],"_links":{"self":[{"href":"https:\/\/fmuniversidad.com\/web\/wp-json\/wp\/v2\/posts\/1678"}],"collection":[{"href":"https:\/\/fmuniversidad.com\/web\/wp-json\/wp\/v2\/posts"}],"about":[{"href":"https:\/\/fmuniversidad.com\/web\/wp-json\/wp\/v2\/types\/post"}],"author":[{"embeddable":true,"href":"https:\/\/fmuniversidad.com\/web\/wp-json\/wp\/v2\/users\/3"}],"replies":[{"embeddable":true,"href":"https:\/\/fmuniversidad.com\/web\/wp-json\/wp\/v2\/comments?post=1678"}],"version-history":[{"count":2,"href":"https:\/\/fmuniversidad.com\/web\/wp-json\/wp\/v2\/posts\/1678\/revisions"}],"predecessor-version":[{"id":1683,"href":"https:\/\/fmuniversidad.com\/web\/wp-json\/wp\/v2\/posts\/1678\/revisions\/1683"}],"wp:featuredmedia":[{"embeddable":true,"href":"https:\/\/fmuniversidad.com\/web\/wp-json\/wp\/v2\/media\/1681"}],"wp:attachment":[{"href":"https:\/\/fmuniversidad.com\/web\/wp-json\/wp\/v2\/media?parent=1678"}],"wp:term":[{"taxonomy":"category","embeddable":true,"href":"https:\/\/fmuniversidad.com\/web\/wp-json\/wp\/v2\/categories?post=1678"},{"taxonomy":"post_tag","embeddable":true,"href":"https:\/\/fmuniversidad.com\/web\/wp-json\/wp\/v2\/tags?post=1678"}],"curies":[{"name":"wp","href":"https:\/\/api.w.org\/{rel}","templated":true}]}}