{"id":1517,"date":"2019-12-20T19:13:25","date_gmt":"2019-12-20T19:13:25","guid":{"rendered":"https:\/\/fmuniversidad.com\/web\/?p=1517"},"modified":"2019-12-20T19:13:25","modified_gmt":"2019-12-20T19:13:25","slug":"el-equipo-de-fm-universidad-se-capacito-en-perspectiva-de-genero","status":"publish","type":"post","link":"https:\/\/fmuniversidad.com\/web\/el-equipo-de-fm-universidad-se-capacito-en-perspectiva-de-genero\/","title":{"rendered":"El equipo de FM Universidad se capacit\u00f3 en perspectiva de g\u00e9nero"},"content":{"rendered":"<p>Periodistas, locutores y operadores t\u00e9cnicos de <strong>FM Universidad<\/strong> (105.7) participaron de una instancia de formaci\u00f3n promovida por la facultad en el marco de la puesta en pr\u00e1ctica de la denominada <strong>\u201cLey Micaela\u201d<\/strong>.<\/p>\n<p>Fue el \u00a0quinto encuentro de este ciclo que persigue la capacitaci\u00f3n de autoridades, docentes, nodocentes y personal de la radio acerca de los ejes que aborda la ley especialmente en tem\u00e1tica de g\u00e9nero y violencia contra las mujeres.<\/p>\n<p>En la primera cita, Yanina Yzet, titular de la oficina de violencia de g\u00e9nero del poder judicial, fue la responsable de desarrollar aspectos clave de la normativa y su aplicaci\u00f3n en t\u00e9rminos concretos.<\/p>\n<p>En tanto que las actividades siguientes estuvieron a cargo de la periodista y escritora Sandra Miguez, quien en primer t\u00e9rmino trabaj\u00f3 junto a autoridades de esta casa de estudio -en dos oportunidades-, luego junto a los nodocentes y este martes con el personal de la radio.<\/p>\n<p>&nbsp;<\/p>\n<p><a href=\"https:\/\/fmuniversidad.com\/web\/wp-content\/uploads\/2019\/12\/WhatsApp-Image-2019-12-17-at-18.15.40.jpeg\"><img loading=\"lazy\" decoding=\"async\" class=\"alignnone size-full wp-image-1518\" src=\"https:\/\/fmuniversidad.com\/web\/wp-content\/uploads\/2019\/12\/WhatsApp-Image-2019-12-17-at-18.15.40.jpeg\" alt=\"\" width=\"1280\" height=\"960\" srcset=\"https:\/\/fmuniversidad.com\/web\/wp-content\/uploads\/2019\/12\/WhatsApp-Image-2019-12-17-at-18.15.40.jpeg 1280w, https:\/\/fmuniversidad.com\/web\/wp-content\/uploads\/2019\/12\/WhatsApp-Image-2019-12-17-at-18.15.40-300x225.jpeg 300w, https:\/\/fmuniversidad.com\/web\/wp-content\/uploads\/2019\/12\/WhatsApp-Image-2019-12-17-at-18.15.40-768x576.jpeg 768w, https:\/\/fmuniversidad.com\/web\/wp-content\/uploads\/2019\/12\/WhatsApp-Image-2019-12-17-at-18.15.40-1024x768.jpeg 1024w, https:\/\/fmuniversidad.com\/web\/wp-content\/uploads\/2019\/12\/WhatsApp-Image-2019-12-17-at-18.15.40-678x509.jpeg 678w, https:\/\/fmuniversidad.com\/web\/wp-content\/uploads\/2019\/12\/WhatsApp-Image-2019-12-17-at-18.15.40-326x245.jpeg 326w, https:\/\/fmuniversidad.com\/web\/wp-content\/uploads\/2019\/12\/WhatsApp-Image-2019-12-17-at-18.15.40-80x60.jpeg 80w\" sizes=\"(max-width: 1280px) 100vw, 1280px\" \/><\/a><\/p>\n<p>&nbsp;<\/p>\n<p>Miguez viene de realizar, en distintos lugares del pa\u00eds y tambi\u00e9n en Espa\u00f1a, la presentaci\u00f3n de su libro \u201cCr\u00edmenes menores\u201d. Su obra aborda la resistencia del Poder Judicial entrerriano a incorporar la perspectiva de g\u00e9nero, a trav\u00e9s del an\u00e1lisis del proceso de jury contra el juez Carlos Rossi, responsable de haber otorgado la libertad condicional a Sebasti\u00e1n Wagner -purgaba una pena por dos delitos de abuso sexual- quien, durante esa condicional, asesin\u00f3 a Micaela Garc\u00eda.<\/p>\n<p>Durante el encuentro, la especialista abri\u00f3 el espacio al intercambio para analizar y debatir en funci\u00f3n de conceptos y registros que \u201chasta hace pocos a\u00f1os no estaban en el debate p\u00fablico y ahora tienen una presencia muy fuerte\u201d. Miguez es integrante de la Red Internacional de Periodistas con visi\u00f3n de g\u00e9nero.<\/p>\n","protected":false},"excerpt":{"rendered":"<div class=\"mh-excerpt\"><p>Periodistas, locutores y operadores t\u00e9cnicos de FM Universidad (105.7) participaron de una instancia de formaci\u00f3n promovida por la facultad en el marco de la puesta <a class=\"mh-excerpt-more\" href=\"https:\/\/fmuniversidad.com\/web\/el-equipo-de-fm-universidad-se-capacito-en-perspectiva-de-genero\/\" title=\"El equipo de FM Universidad se capacit\u00f3 en perspectiva de g\u00e9nero\">[&#8230;]<\/a><\/p>\n<\/div>","protected":false},"author":3,"featured_media":1519,"comment_status":"closed","ping_status":"open","sticky":false,"template":"","format":"standard","meta":{"footnotes":""},"categories":[3],"tags":[],"_links":{"self":[{"href":"https:\/\/fmuniversidad.com\/web\/wp-json\/wp\/v2\/posts\/1517"}],"collection":[{"href":"https:\/\/fmuniversidad.com\/web\/wp-json\/wp\/v2\/posts"}],"about":[{"href":"https:\/\/fmuniversidad.com\/web\/wp-json\/wp\/v2\/types\/post"}],"author":[{"embeddable":true,"href":"https:\/\/fmuniversidad.com\/web\/wp-json\/wp\/v2\/users\/3"}],"replies":[{"embeddable":true,"href":"https:\/\/fmuniversidad.com\/web\/wp-json\/wp\/v2\/comments?post=1517"}],"version-history":[{"count":2,"href":"https:\/\/fmuniversidad.com\/web\/wp-json\/wp\/v2\/posts\/1517\/revisions"}],"predecessor-version":[{"id":1521,"href":"https:\/\/fmuniversidad.com\/web\/wp-json\/wp\/v2\/posts\/1517\/revisions\/1521"}],"wp:featuredmedia":[{"embeddable":true,"href":"https:\/\/fmuniversidad.com\/web\/wp-json\/wp\/v2\/media\/1519"}],"wp:attachment":[{"href":"https:\/\/fmuniversidad.com\/web\/wp-json\/wp\/v2\/media?parent=1517"}],"wp:term":[{"taxonomy":"category","embeddable":true,"href":"https:\/\/fmuniversidad.com\/web\/wp-json\/wp\/v2\/categories?post=1517"},{"taxonomy":"post_tag","embeddable":true,"href":"https:\/\/fmuniversidad.com\/web\/wp-json\/wp\/v2\/tags?post=1517"}],"curies":[{"name":"wp","href":"https:\/\/api.w.org\/{rel}","templated":true}]}}