{"id":1452,"date":"2019-12-02T21:00:43","date_gmt":"2019-12-02T21:00:43","guid":{"rendered":"https:\/\/fmuniversidad.com\/web\/?p=1452"},"modified":"2019-12-02T21:03:18","modified_gmt":"2019-12-02T21:03:18","slug":"entre-rios-tiene-su-primer-monumento-nacional","status":"publish","type":"post","link":"https:\/\/fmuniversidad.com\/web\/entre-rios-tiene-su-primer-monumento-nacional\/","title":{"rendered":"Entre R\u00edos tiene su primer monumento nacional"},"content":{"rendered":"<header><\/header>\n<div class=\"cont-nota\">\n<article class=\"cont-cuerpo\">\n<div class=\"cont-galeria gal-wide\">\n<div class=\"owl-carousel owl-slider-interior owl-theme owl-loaded\">\n<div class=\"owl-stage-outer owl-height\">\n<div class=\"owl-stage\">\n<div class=\"owl-item cloned\" style=\"text-align: left;\"><\/div>\n<\/div>\n<\/div>\n<\/div>\n<\/div>\n<\/article>\n<\/div>\n<p>El monumento a Justo Jos\u00e9 de Urquiza de Paran\u00e1 fue seleccionado y declarado monumento hist\u00f3rico nacional por la Comisi\u00f3n Nacional de Monumentos, de Lugares y de Bienes Hist\u00f3ricos, que depende del Ministerio de Cultura de la Naci\u00f3n.<\/p>\n<p>Para referirse a ello <strong>El coraz\u00f3n de la ma\u00f1ana<\/strong> estuvo en comunicaci\u00f3n con <strong>Jorge Riani,<\/strong> periodista e investigador de nuestra ciudad.<\/p>\n<p>La obra a Urquiza es la primera declarada monumento nacional en nuestra provincia, no obstante se suma a los edificios hist\u00f3ricos nacionales de Entre R\u00edos como el Teatro 3 de febrero, la escuela Normal, entre otros.<\/p>\n<p>Escuch\u00e1 y conoce mas sobre la arquitectura y el significado de la misma.<\/p>\n<p>&nbsp;<\/p>\n<!--[if lt IE 9]><script>document.createElement('audio');<\/script><![endif]-->\n<audio class=\"wp-audio-shortcode\" id=\"audio-1452-1\" preload=\"none\" style=\"width: 100%;\" controls=\"controls\"><source type=\"audio\/mpeg\" src=\"https:\/\/fmuniversidad.com\/web\/wp-content\/uploads\/2019\/12\/PRO190_02_12_2019_SERGIO_RIANI_DC_MONUMENTO_URQUIZA.mp3?_=1\" \/><a href=\"https:\/\/fmuniversidad.com\/web\/wp-content\/uploads\/2019\/12\/PRO190_02_12_2019_SERGIO_RIANI_DC_MONUMENTO_URQUIZA.mp3\">https:\/\/fmuniversidad.com\/web\/wp-content\/uploads\/2019\/12\/PRO190_02_12_2019_SERGIO_RIANI_DC_MONUMENTO_URQUIZA.mp3<\/a><\/audio>\n<p>&nbsp;<\/p>\n","protected":false},"excerpt":{"rendered":"<div class=\"mh-excerpt\"><p>El monumento a Justo Jos\u00e9 de Urquiza de Paran\u00e1 fue seleccionado y declarado monumento hist\u00f3rico nacional por la Comisi\u00f3n Nacional de Monumentos, de Lugares y <a class=\"mh-excerpt-more\" href=\"https:\/\/fmuniversidad.com\/web\/entre-rios-tiene-su-primer-monumento-nacional\/\" title=\"Entre R\u00edos tiene su primer monumento nacional\">[&#8230;]<\/a><\/p>\n<\/div>","protected":false},"author":3,"featured_media":1457,"comment_status":"closed","ping_status":"open","sticky":false,"template":"","format":"standard","meta":{"footnotes":""},"categories":[4],"tags":[],"_links":{"self":[{"href":"https:\/\/fmuniversidad.com\/web\/wp-json\/wp\/v2\/posts\/1452"}],"collection":[{"href":"https:\/\/fmuniversidad.com\/web\/wp-json\/wp\/v2\/posts"}],"about":[{"href":"https:\/\/fmuniversidad.com\/web\/wp-json\/wp\/v2\/types\/post"}],"author":[{"embeddable":true,"href":"https:\/\/fmuniversidad.com\/web\/wp-json\/wp\/v2\/users\/3"}],"replies":[{"embeddable":true,"href":"https:\/\/fmuniversidad.com\/web\/wp-json\/wp\/v2\/comments?post=1452"}],"version-history":[{"count":1,"href":"https:\/\/fmuniversidad.com\/web\/wp-json\/wp\/v2\/posts\/1452\/revisions"}],"predecessor-version":[{"id":1456,"href":"https:\/\/fmuniversidad.com\/web\/wp-json\/wp\/v2\/posts\/1452\/revisions\/1456"}],"wp:featuredmedia":[{"embeddable":true,"href":"https:\/\/fmuniversidad.com\/web\/wp-json\/wp\/v2\/media\/1457"}],"wp:attachment":[{"href":"https:\/\/fmuniversidad.com\/web\/wp-json\/wp\/v2\/media?parent=1452"}],"wp:term":[{"taxonomy":"category","embeddable":true,"href":"https:\/\/fmuniversidad.com\/web\/wp-json\/wp\/v2\/categories?post=1452"},{"taxonomy":"post_tag","embeddable":true,"href":"https:\/\/fmuniversidad.com\/web\/wp-json\/wp\/v2\/tags?post=1452"}],"curies":[{"name":"wp","href":"https:\/\/api.w.org\/{rel}","templated":true}]}}